{"id":14620,"date":"2012-11-23T14:49:48","date_gmt":"2012-11-23T17:49:48","guid":{"rendered":"http:\/\/www.blogdothame.blog.br\/v1\/?p=14620"},"modified":"2012-11-23T14:49:48","modified_gmt":"2012-11-23T17:49:48","slug":"apos-varias-ameacas-jornalista-que-denunciava-politicos-e-policiais-e-assassinado","status":"publish","type":"post","link":"https:\/\/www.blogdothame.blog.br\/v1\/2012\/11\/23\/apos-varias-ameacas-jornalista-que-denunciava-politicos-e-policiais-e-assassinado\/","title":{"rendered":"Ap\u00f3s v\u00e1rias amea\u00e7as, jornalista que denunciava pol\u00edticos e policiais \u00e9 assassinado"},"content":{"rendered":"<div id=\"attachment_14621\" style=\"width: 310px\" class=\"wp-caption aligncenter\"><a href=\"http:\/\/www.blogdothame.blog.br\/v1\/wp-content\/uploads\/2012\/11\/jornalista-morto-2.jpg\"><img aria-describedby=\"caption-attachment-14621\" loading=\"lazy\" class=\"size-medium wp-image-14621\" title=\"jornalista morto 2\" src=\"http:\/\/www.blogdothame.blog.br\/v1\/wp-content\/uploads\/2012\/11\/jornalista-morto-2-300x199.jpg\" alt=\"\" width=\"300\" height=\"199\" srcset=\"https:\/\/www.blogdothame.blog.br\/v1\/wp-content\/uploads\/2012\/11\/jornalista-morto-2-300x199.jpg 300w, https:\/\/www.blogdothame.blog.br\/v1\/wp-content\/uploads\/2012\/11\/jornalista-morto-2.jpg 640w\" sizes=\"(max-width: 300px) 100vw, 300px\" \/><\/a><p id=\"caption-attachment-14621\" class=\"wp-caption-text\">morte de jornalista: t\u00edpico crime de mando<\/p><\/div>\n<div id=\"attachment_14622\" style=\"width: 310px\" class=\"wp-caption alignleft\"><a href=\"http:\/\/www.blogdothame.blog.br\/v1\/wp-content\/uploads\/2012\/11\/jornalista-morto-1.jpg\"><img aria-describedby=\"caption-attachment-14622\" loading=\"lazy\" class=\"size-full wp-image-14622\" title=\"jornalista morto 1\" src=\"http:\/\/www.blogdothame.blog.br\/v1\/wp-content\/uploads\/2012\/11\/jornalista-morto-1.jpg\" alt=\"\" width=\"300\" height=\"225\" \/><\/a><p id=\"caption-attachment-14622\" class=\"wp-caption-text\">Eduardo anunciou que ia fazer denuncias graves. Morreu antes.<\/p><\/div>\n<p>A ONG Rep\u00f3rteres sem Fronteiras lamentou a morte do jornalista Eduardo Carvalho, editor do site \u00daltima Hora News, assassinado a tiros na noite de 21 de novembro de 2012 em Campo Grande, capital do Mato Grosso do Sul. Eduardo Carvalho vinha recebendo amea\u00e7as de morte desde o ano passado devido \u00e0s suas reportagens que colocavam em causa pol\u00edticos e policiais da regi\u00e3o.<\/p>\n<p>\u201cEnviamos as nossas mais sinceras condol\u00eancias \u00e0 fam\u00edlia e amigos de Eduardo Carvalho. Os autores desse crime n\u00e3o devem ficar impunes. Este novo assassinato eleva a 11 o n\u00famero de jornalistas mortos no Brasil s\u00f3 no ano de 2012. Para tr\u00eas deles, a rela\u00e7\u00e3o com suas atividades profissionais j\u00e1 foi comprovada. Para outros quatro, as investiga\u00e7\u00f5es est\u00e3o em curso. Neste Dia Mundial da Luta contra a Impunidade, pedimos \u00e0s autoridades que investiguem esse caso com a m\u00e1xima celeridade e seriedade poss\u00edvel, ainda para mais parecendo a pista profissional prov\u00e1vel\u201d, declarou a organiza\u00e7\u00e3o.<\/p>\n<p>Eduardo Carvalho, ex-policial militar aposentado de 52 anos, que ocupava o cargo de editor do site de not\u00edcias \u00daltima Hora News, foi baleado por dois homens armados com rev\u00f3lveres que o esperavam em frente ao seu domic\u00edlio, em Campo Grande. O jornalista, que regressava a casa com sua esposa, sucumbiu aos ferimentos provocados por tr\u00eas balas. Os suspeitos fugiram em motocicleta.<\/p>\n<p><!--more--><br \/>\nEduardo Carvalho j\u00e1 havia sobrevivido a um primeiro ataque, quando se encontrava num autom\u00f3vel com sua filha. Por v\u00e1rias vezes tinha denunciado as amea\u00e7as de morte de que era v\u00edtima e afirmado que temia por sua vida. Por esse motivo, obtivera uma licen\u00e7a de porte de arma e uma autoriza\u00e7\u00e3o exclusiva para usar um colete \u00e0 prova de balas do Ex\u00e9rcito. Infelizmente, n\u00e3o o levava vestido no momento do ataque.<\/p>\n<p>Eduardo Carvalho lan\u00e7ara no site \u00daltima Hora News den\u00fancias sobre v\u00e1rios pol\u00edticos e policiais do Mato Grosso do Sul. No dia de seu assassinato, publicara um artigo alertando para os abusos de autoridade de um capit\u00e3o da pol\u00edtica militar. No dia 20 de novembro de 2012, o jornalista publicara na sua conta de Facebook um coment\u00e1rio no qual afirmava que, apesar das amea\u00e7as e persegui\u00e7\u00f5es de que era constantemente v\u00edtima, possu\u00eda \u201cum ba\u00fa cheio de novidades, cada uma mais escabrosa que a outra.\u201d<\/p>\n<p>A pol\u00edcia ainda n\u00e3o identificou nenhuma pista espec\u00edfica sobre suspeitos ou motivos do crime, apesar das amea\u00e7as recebidas desde 2011 e de uma extensa lista de pessoas denunciadas em seu site. Os investigadores reconhecem, no entanto, que o crime corresponde \u00e0s caracter\u00edsticas de um assassinato por encomenda.<\/p>\n","protected":false},"excerpt":{"rendered":"<p>A ONG Rep\u00f3rteres sem Fronteiras lamentou a morte do jornalista Eduardo Carvalho, editor do site \u00daltima Hora News, assassinado a tiros na noite de 21 de novembro de 2012 em Campo Grande, capital do Mato Grosso do Sul. Eduardo Carvalho vinha recebendo amea\u00e7as de morte desde o ano passado devido \u00e0s suas reportagens que colocavam [&hellip;]<\/p>\n","protected":false},"author":2,"featured_media":0,"comment_status":"open","ping_status":"open","sticky":false,"template":"","format":"standard","meta":{"_links_to":"","_links_to_target":""},"categories":[1],"tags":[5211,5213,5210,5212],"_links":{"self":[{"href":"https:\/\/www.blogdothame.blog.br\/v1\/wp-json\/wp\/v2\/posts\/14620"}],"collection":[{"href":"https:\/\/www.blogdothame.blog.br\/v1\/wp-json\/wp\/v2\/posts"}],"about":[{"href":"https:\/\/www.blogdothame.blog.br\/v1\/wp-json\/wp\/v2\/types\/post"}],"author":[{"embeddable":true,"href":"https:\/\/www.blogdothame.blog.br\/v1\/wp-json\/wp\/v2\/users\/2"}],"replies":[{"embeddable":true,"href":"https:\/\/www.blogdothame.blog.br\/v1\/wp-json\/wp\/v2\/comments?post=14620"}],"version-history":[{"count":1,"href":"https:\/\/www.blogdothame.blog.br\/v1\/wp-json\/wp\/v2\/posts\/14620\/revisions"}],"predecessor-version":[{"id":14623,"href":"https:\/\/www.blogdothame.blog.br\/v1\/wp-json\/wp\/v2\/posts\/14620\/revisions\/14623"}],"wp:attachment":[{"href":"https:\/\/www.blogdothame.blog.br\/v1\/wp-json\/wp\/v2\/media?parent=14620"}],"wp:term":[{"taxonomy":"category","embeddable":true,"href":"https:\/\/www.blogdothame.blog.br\/v1\/wp-json\/wp\/v2\/categories?post=14620"},{"taxonomy":"post_tag","embeddable":true,"href":"https:\/\/www.blogdothame.blog.br\/v1\/wp-json\/wp\/v2\/tags?post=14620"}],"curies":[{"name":"wp","href":"https:\/\/api.w.org\/{rel}","templated":true}]}}