{"id":146062,"date":"2023-01-30T18:00:08","date_gmt":"2023-01-30T21:00:08","guid":{"rendered":"http:\/\/www.blogdothame.blog.br\/v1\/?p=146062"},"modified":"2023-01-30T16:33:08","modified_gmt":"2023-01-30T19:33:08","slug":"escolas-estaduais-seguem-matriculando-estudantes-que-nao-compareceram-no-prazo-regular","status":"publish","type":"post","link":"https:\/\/www.blogdothame.blog.br\/v1\/2023\/01\/30\/escolas-estaduais-seguem-matriculando-estudantes-que-nao-compareceram-no-prazo-regular\/","title":{"rendered":"Escolas estaduais seguem matriculando estudantes que n\u00e3o compareceram no prazo regular"},"content":{"rendered":"<p><img loading=\"lazy\" class=\"alignleft size-medium wp-image-146063\" src=\"http:\/\/www.blogdothame.blog.br\/v1\/wp-content\/uploads\/2023\/01\/matriculas-SEC-1-300x200.jpg\" alt=\"\" width=\"300\" height=\"200\" srcset=\"https:\/\/www.blogdothame.blog.br\/v1\/wp-content\/uploads\/2023\/01\/matriculas-SEC-1-300x200.jpg 300w, https:\/\/www.blogdothame.blog.br\/v1\/wp-content\/uploads\/2023\/01\/matriculas-SEC-1.jpg 640w\" sizes=\"(max-width: 300px) 100vw, 300px\" \/>As escolas da rede estadual de ensino seguem abertas para a realiza\u00e7\u00e3o da matr\u00edcula dos estudantes que n\u00e3o conseguiram se matricular no per\u00edodo regular de matr\u00edcula on-line, ocorrida entre os dias 16 e 24 de janeiro. Estudantes, pais, m\u00e3es ou respons\u00e1veis devem ficar atentos \u00e0 documenta\u00e7\u00e3o exigida para a efetiva\u00e7\u00e3o da matr\u00edcula, que agora s\u00f3 poder\u00e1 ser realizada de forma presencial, em qualquer unidade escolar.<\/p>\n<p>A estudante Taciana da Silva, 19, que n\u00e3o conseguiu fazer a matr\u00edcula dentro do prazo, por conta de demandas do trabalho, aproveitou o seu dia de folga para se matricular no Col\u00e9gio Estadual da Bahia \u2013 Central, em Salvador, onde cursar\u00e1 o 1\u00b0 e 2\u00ba ano na modalidade Educa\u00e7\u00e3o de Jovens e Adultos (EJA). \u201cFiquei sem estudar no ano de 2022 e, agora, estou voltando com muita anima\u00e7\u00e3o para concluir os meus estudos e, depois, fazer uma faculdade\u201d, revelou.<\/p>\n<p>Quem tamb\u00e9m j\u00e1 garantiu a sua vaga foi o estudante Lucas Gabriel Silva, 19, que se matriculou no 3\u00ba ano, no Col\u00e9gio Estadual da Bahia \u2013 Central. \u201cAcabei me passando e perdi o per\u00edodo regular de matr\u00edcula. Acabei de fazer e est\u00e1 tudo certo. J\u00e1 estou ansioso para come\u00e7ar a estudar aqui, pois venho do Col\u00e9gio Estadual Teixeira de Freitas e queria estudar no Central\u201d, disse, satisfeito.<\/p>\n<p><!--more--><\/p>\n<p>No Col\u00e9gio Estadual R\u00f4mulo Almeida, tamb\u00e9m em Salvador, ainda existem vagas dispon\u00edveis para a modalidade EJA, no turno noturno. Para o diretor El\u00edsio Santos, a matr\u00edcula regular foi um sucesso. \u201cSuperamos a nossa expectativa e isso se deve ao novo col\u00e9gio, com uma estrutura que a comunidade merece e, tamb\u00e9m, \u00e0 localiza\u00e7\u00e3o perto do metr\u00f4, pois matriculamos estudantes de v\u00e1rias regi\u00f5es da cidade. A escola est\u00e1 preparada para receber os estudantes e iniciar o ano letivo com muito aprendizado\u201d, destacou.<\/p>\n<p>Quem fez a matr\u00edcula pela internet deve comparecer \u00e0 escola em que foi matriculado, no prazo estabelecido no comprovante on-line, para entregar a documenta\u00e7\u00e3o e confirmar a matr\u00edcula. Veja a documenta\u00e7\u00e3o necess\u00e1ria: via original do Hist\u00f3rico Escolar; vias originais e c\u00f3pias leg\u00edveis da Carteira de Identidade (RG) ou Certid\u00e3o de Registro Civil, do Cadastro de Pessoal F\u00edsica (CPF), comprovante de resid\u00eancia (\u00e1gua, luz, telefone fixo ou m\u00f3vel, g\u00e1s encanado, Internet, contrato de aluguel, IPTU, cart\u00e3o de cr\u00e9dito ou TV por assinatura) e da carteira de vacina\u00e7\u00e3o devidamente atualizada; c\u00f3pia leg\u00edvel do RG e do CPF da pr\u00f3pria m\u00e3e do estudante e ou do respons\u00e1vel legal.<\/p>\n<p>Busca Ativa &#8211; Em paralelo \u00e0 matr\u00edcula, a Secretaria da Educa\u00e7\u00e3o do Estado da Bahia tamb\u00e9m tem uma parceria de mobiliza\u00e7\u00e3o com o Fundo das Na\u00e7\u00f5es Unidas para a Inf\u00e2ncia (UNICEF), para que os munic\u00edpios fa\u00e7am a ades\u00e3o ao Programa Busca Ativa Escolar, que pode ser acessado no site https:\/\/buscaativaescolar.org.br\/. Atualmente, 351 munic\u00edpios j\u00e1 realizaram a ades\u00e3o ao referido programa. A iniciativa visa sensibilizar toda a sociedade local, especialmente as comunidades mais vulner\u00e1veis, possibilitando que toda crian\u00e7a e adolescente tenham acesso \u00e0 educa\u00e7\u00e3o.<\/p>\n","protected":false},"excerpt":{"rendered":"<p>As escolas da rede estadual de ensino seguem abertas para a realiza\u00e7\u00e3o da matr\u00edcula dos estudantes que n\u00e3o conseguiram se matricular no per\u00edodo regular de matr\u00edcula on-line, ocorrida entre os dias 16 e 24 de janeiro. Estudantes, pais, m\u00e3es ou respons\u00e1veis devem ficar atentos \u00e0 documenta\u00e7\u00e3o exigida para a efetiva\u00e7\u00e3o da matr\u00edcula, que agora s\u00f3 [&hellip;]<\/p>\n","protected":false},"author":2,"featured_media":146063,"comment_status":"open","ping_status":"open","sticky":false,"template":"","format":"standard","meta":{"_links_to":"","_links_to_target":""},"categories":[33433],"tags":[51,6034,9036],"_links":{"self":[{"href":"https:\/\/www.blogdothame.blog.br\/v1\/wp-json\/wp\/v2\/posts\/146062"}],"collection":[{"href":"https:\/\/www.blogdothame.blog.br\/v1\/wp-json\/wp\/v2\/posts"}],"about":[{"href":"https:\/\/www.blogdothame.blog.br\/v1\/wp-json\/wp\/v2\/types\/post"}],"author":[{"embeddable":true,"href":"https:\/\/www.blogdothame.blog.br\/v1\/wp-json\/wp\/v2\/users\/2"}],"replies":[{"embeddable":true,"href":"https:\/\/www.blogdothame.blog.br\/v1\/wp-json\/wp\/v2\/comments?post=146062"}],"version-history":[{"count":1,"href":"https:\/\/www.blogdothame.blog.br\/v1\/wp-json\/wp\/v2\/posts\/146062\/revisions"}],"predecessor-version":[{"id":146064,"href":"https:\/\/www.blogdothame.blog.br\/v1\/wp-json\/wp\/v2\/posts\/146062\/revisions\/146064"}],"wp:featuredmedia":[{"embeddable":true,"href":"https:\/\/www.blogdothame.blog.br\/v1\/wp-json\/wp\/v2\/media\/146063"}],"wp:attachment":[{"href":"https:\/\/www.blogdothame.blog.br\/v1\/wp-json\/wp\/v2\/media?parent=146062"}],"wp:term":[{"taxonomy":"category","embeddable":true,"href":"https:\/\/www.blogdothame.blog.br\/v1\/wp-json\/wp\/v2\/categories?post=146062"},{"taxonomy":"post_tag","embeddable":true,"href":"https:\/\/www.blogdothame.blog.br\/v1\/wp-json\/wp\/v2\/tags?post=146062"}],"curies":[{"name":"wp","href":"https:\/\/api.w.org\/{rel}","templated":true}]}}