{"id":146042,"date":"2023-01-30T15:04:51","date_gmt":"2023-01-30T18:04:51","guid":{"rendered":"http:\/\/www.blogdothame.blog.br\/v1\/?p=146042"},"modified":"2023-01-30T12:06:49","modified_gmt":"2023-01-30T15:06:49","slug":"sec-promove-jornada-pedagogica-para-planejamento-do-ano-letivo-2023","status":"publish","type":"post","link":"https:\/\/www.blogdothame.blog.br\/v1\/2023\/01\/30\/sec-promove-jornada-pedagogica-para-planejamento-do-ano-letivo-2023\/","title":{"rendered":"SEC promove jornada pedag\u00f3gica para planejamento do ano letivo 2023"},"content":{"rendered":"<p><img loading=\"lazy\" class=\"alignright size-medium wp-image-146043\" src=\"http:\/\/www.blogdothame.blog.br\/v1\/wp-content\/uploads\/2023\/01\/sec-jornada-300x225.jpg\" alt=\"\" width=\"300\" height=\"225\" srcset=\"https:\/\/www.blogdothame.blog.br\/v1\/wp-content\/uploads\/2023\/01\/sec-jornada-300x225.jpg 300w, https:\/\/www.blogdothame.blog.br\/v1\/wp-content\/uploads\/2023\/01\/sec-jornada.jpg 512w\" sizes=\"(max-width: 300px) 100vw, 300px\" \/>A Jornada Pedag\u00f3gica 2023 da rede estadual de ensino acontece entre os dias 1\u00b0 e 3 de fevereiro, com o tema \u201cEduca\u00e7\u00e3o e territ\u00f3rio no bicenten\u00e1rio da Independ\u00eancia da Bahia\u201d. Realizada pela Secretaria da Educa\u00e7\u00e3o do Estado da Bahia (SEC) em todas as escolas dos 27 Territ\u00f3rios de Identidade da Bahia, atividade re\u00fane gestores, professores, coordenadores pedag\u00f3gicos e trabalhadores para planejar as atividades letivas deste ano, assim como debater projetos educacionais e pol\u00edticas p\u00fablicas.<\/p>\n<p>A abertura oficial da jornada ser\u00e1 \u00e0s 8h, no Col\u00e9gio Estadual Pedro Paulo Marques e Marques, no bairro de S\u00e3o Cristov\u00e3o, em Salvador, com transmiss\u00e3o pelo canal do Youtube da secretaria (<a href=\"http:\/\/youtube.com.br\/EducacaoBahia1\" target=\"_blank\" rel=\"noopener\" data-saferedirecturl=\"https:\/\/www.google.com\/url?q=http:\/\/Youtube.com.br\/EducacaoBahia1&amp;source=gmail&amp;ust=1675177435529000&amp;usg=AOvVaw3ht0A-Ma6W1ChWWFU4hX08\">Youtube.com.br\/EducacaoBahia1<\/a><wbr \/>). Como parte da programa\u00e7\u00e3o de abertura da jornada, ser\u00e1 realizada uma palestra com o tema &#8220;Curr\u00edculo do Ensino M\u00e9dio: desafios e avan\u00e7os. Tamb\u00e9m haver\u00e1 uma apresenta\u00e7\u00e3o cultural sobre o Bicenten\u00e1rio da Independ\u00eancia da Bahia.<\/p>\n<p><!--more--><\/p>\n<p>Nos dias 2 e 3 de fevereiro, pela manh\u00e3, por meio de lives, os superintendentes da SEC ir\u00e3o abordar quest\u00f5es como Documento Referencial Curricular da Bahia (DCRB); Indicadores Educacionais; Novo Ensino M\u00e9dio; Educa\u00e7\u00e3o Infantil e Ensino Fundamental; Educa\u00e7\u00e3o Integral; e Educa\u00e7\u00e3o Profissional e Tecnol\u00f3gica; al\u00e9m de programas e projetos estrat\u00e9gicos, como Busca Ativa, Mais Estudo e Bolsa Presen\u00e7a.<\/p>\n<p>De acordo com a superintendente de Pol\u00edticas para Educa\u00e7\u00e3o B\u00e1sica, Leninha Vila Nova Cavalcante, o momento tem como foco a avalia\u00e7\u00e3o e o planejamento para a constru\u00e7\u00e3o de uma escola p\u00fablica pautada na qualidade de ensino, na diversidade e no respeito. \u201cA jornada pedag\u00f3gica \u00e9 um momento de acolhimento da rede para planejarmos as a\u00e7\u00f5es que a escola precisa executar durante o ano letivo, no intuito de garantir o direito da aprendizagem, com qualidade social. \u00c9, tamb\u00e9m, uma oportunidade de agradecimento \u00e0 rede pelo comprometimento em 2022, sobretudo, na recomposi\u00e7\u00e3o das aprendizagens. E esta acolhida tem uma premissa de reconhecer e valorizar a identidade do nosso povo, a partir dos Territ\u00f3rios de Identidade da Bahia\u201d, afirmou.<\/p>\n","protected":false},"excerpt":{"rendered":"<p>A Jornada Pedag\u00f3gica 2023 da rede estadual de ensino acontece entre os dias 1\u00b0 e 3 de fevereiro, com o tema \u201cEduca\u00e7\u00e3o e territ\u00f3rio no bicenten\u00e1rio da Independ\u00eancia da Bahia\u201d. Realizada pela Secretaria da Educa\u00e7\u00e3o do Estado da Bahia (SEC) em todas as escolas dos 27 Territ\u00f3rios de Identidade da Bahia, atividade re\u00fane gestores, professores, [&hellip;]<\/p>\n","protected":false},"author":2,"featured_media":146043,"comment_status":"open","ping_status":"open","sticky":false,"template":"","format":"standard","meta":{"_links_to":"","_links_to_target":""},"categories":[33433],"tags":[34619,9036,34618],"_links":{"self":[{"href":"https:\/\/www.blogdothame.blog.br\/v1\/wp-json\/wp\/v2\/posts\/146042"}],"collection":[{"href":"https:\/\/www.blogdothame.blog.br\/v1\/wp-json\/wp\/v2\/posts"}],"about":[{"href":"https:\/\/www.blogdothame.blog.br\/v1\/wp-json\/wp\/v2\/types\/post"}],"author":[{"embeddable":true,"href":"https:\/\/www.blogdothame.blog.br\/v1\/wp-json\/wp\/v2\/users\/2"}],"replies":[{"embeddable":true,"href":"https:\/\/www.blogdothame.blog.br\/v1\/wp-json\/wp\/v2\/comments?post=146042"}],"version-history":[{"count":1,"href":"https:\/\/www.blogdothame.blog.br\/v1\/wp-json\/wp\/v2\/posts\/146042\/revisions"}],"predecessor-version":[{"id":146044,"href":"https:\/\/www.blogdothame.blog.br\/v1\/wp-json\/wp\/v2\/posts\/146042\/revisions\/146044"}],"wp:featuredmedia":[{"embeddable":true,"href":"https:\/\/www.blogdothame.blog.br\/v1\/wp-json\/wp\/v2\/media\/146043"}],"wp:attachment":[{"href":"https:\/\/www.blogdothame.blog.br\/v1\/wp-json\/wp\/v2\/media?parent=146042"}],"wp:term":[{"taxonomy":"category","embeddable":true,"href":"https:\/\/www.blogdothame.blog.br\/v1\/wp-json\/wp\/v2\/categories?post=146042"},{"taxonomy":"post_tag","embeddable":true,"href":"https:\/\/www.blogdothame.blog.br\/v1\/wp-json\/wp\/v2\/tags?post=146042"}],"curies":[{"name":"wp","href":"https:\/\/api.w.org\/{rel}","templated":true}]}}