{"id":145826,"date":"2023-01-24T16:30:26","date_gmt":"2023-01-24T19:30:26","guid":{"rendered":"http:\/\/www.blogdothame.blog.br\/v1\/?p=145826"},"modified":"2023-01-24T15:14:19","modified_gmt":"2023-01-24T18:14:19","slug":"curso-de-medicina-da-unex-e-lancado-em-itabuna","status":"publish","type":"post","link":"https:\/\/www.blogdothame.blog.br\/v1\/2023\/01\/24\/curso-de-medicina-da-unex-e-lancado-em-itabuna\/","title":{"rendered":"Curso de Medicina da Unex \u00e9 lan\u00e7ado em Itabuna"},"content":{"rendered":"<p><img loading=\"lazy\" class=\"aligncenter  wp-image-145831\" src=\"http:\/\/www.blogdothame.blog.br\/v1\/wp-content\/uploads\/2023\/01\/Unex-1.jpeg\" alt=\"\" width=\"401\" height=\"268\" srcset=\"https:\/\/www.blogdothame.blog.br\/v1\/wp-content\/uploads\/2023\/01\/Unex-1.jpeg 512w, https:\/\/www.blogdothame.blog.br\/v1\/wp-content\/uploads\/2023\/01\/Unex-1-300x200.jpeg 300w\" sizes=\"(max-width: 401px) 100vw, 401px\" \/><\/p>\n<p>&nbsp;<\/p>\n<p>Foi lan\u00e7ado na tarde da \u00faltima segunda-feira, 23 de janeiro, o curso de Medicina da Unex \u2013 Faculdade de Excel\u00eancia, antiga UniFTC Itabuna, no campus Sa\u00fade, localizado na avenida Jos\u00e9 Soares Pinheiro. O evento reuniu representantes da institui\u00e7\u00e3o de ensino, da sociedade civil organizada, de entidades empresariais, da administra\u00e7\u00e3o p\u00fablica, diretores de hospitais, cl\u00ednicas, laborat\u00f3rios e todo o trade da sa\u00fade da regi\u00e3o, al\u00e9m de secret\u00e1rios de sa\u00fade de Itabuna e dos munic\u00edpios vizinhos, em um coquetel receptivo.<\/p>\n<p><img loading=\"lazy\" class=\"alignright size-medium wp-image-145827\" src=\"http:\/\/www.blogdothame.blog.br\/v1\/wp-content\/uploads\/2023\/01\/Unex-3-300x169.jpeg\" alt=\"\" width=\"300\" height=\"169\" srcset=\"https:\/\/www.blogdothame.blog.br\/v1\/wp-content\/uploads\/2023\/01\/Unex-3-300x169.jpeg 300w, https:\/\/www.blogdothame.blog.br\/v1\/wp-content\/uploads\/2023\/01\/Unex-3.jpeg 640w\" sizes=\"(max-width: 300px) 100vw, 300px\" \/>Diretor geral da Unex Itabuna, o professor Kamisnky Mello Cholodovskis fez abertura da solenidade informando que a partir de mar\u00e7o deste ano, dois mil estudantes estar\u00e3o circulando por aquele campus, que reunir\u00e1 todos os cursos da \u00e1rea de sa\u00fade da Unex \u2013 um total de nove diferentes especializa\u00e7\u00f5es em sa\u00fade na cidade de Itabuna. Como itabunense, Ihanmark Damasceno, vice-presidente Acad\u00eamico e Rela\u00e7\u00f5es Institucionais da Rede Unex, falou da import\u00e2ncia de estabelecer o curso na cidade, que foi aprovado com nota cinco &#8211; m\u00e1xima concedida a uma institui\u00e7\u00e3o de Ensino Superior pelo Minist\u00e9rio da Educa\u00e7\u00e3o (MEC). \u201cUm curso diferenciado em Itabuna, com novas tecnologias, e que contou com o apoio da prefeitura municipal desde o in\u00edcio. A tend\u00eancia \u00e9 que venham mais investimentos, em torno de R$ 30 milh\u00f5es para a gradua\u00e7\u00e3o em medicina\u201d, revelou.<\/p>\n<p><!--more--><\/p>\n<p><img loading=\"lazy\" class=\"alignleft size-medium wp-image-145828\" src=\"http:\/\/www.blogdothame.blog.br\/v1\/wp-content\/uploads\/2023\/01\/Unex-4-300x169.jpeg\" alt=\"\" width=\"300\" height=\"169\" srcset=\"https:\/\/www.blogdothame.blog.br\/v1\/wp-content\/uploads\/2023\/01\/Unex-4-300x169.jpeg 300w, https:\/\/www.blogdothame.blog.br\/v1\/wp-content\/uploads\/2023\/01\/Unex-4.jpeg 640w\" sizes=\"(max-width: 300px) 100vw, 300px\" \/>Em seu discurso, o prefeito de Itabuna, Augusto Castro, refor\u00e7ou o apoio da prefeitura \u00e0 institui\u00e7\u00e3o de ensino e colocou a estrutura da sa\u00fade da cidade \u00e0 disposi\u00e7\u00e3o da gradua\u00e7\u00e3o, para que a cada dia, o servi\u00e7o p\u00fablico esteja melhor, lembrando que uma das principais metas da gest\u00e3o \u00e9 investir em sa\u00fade. \u00a0O gestor pontuou ainda a chegada de mais leitos na cidade e a reabertura do hospital S\u00e3o Lucas como fatores que ir\u00e3o elevar os padr\u00f5es da sa\u00fade municipal.<\/p>\n<p>Em participa\u00e7\u00e3o on-line, o professor Lino Sieiro Neto, coordenador geral dos cursos de Medicina da Unex apresentou o curr\u00edculo do Dr. Eric Ettinger Jr, coordenador do curso de Medicina, que trouxe um panorama da grade curricular, a vis\u00e3o macro de como ir\u00e1 funcionar. \u201cJ\u00e1 a partir do 1\u00ba semestre, o aluno vai conhecer e acompanhar a estrutura SUS, a aten\u00e7\u00e3o b\u00e1sica na sa\u00fade na cidade, para come\u00e7ar a interagir desde o in\u00edcio. Ser\u00e1 um curso diferenciado. Se eu j\u00e1 n\u00e3o estivesse formado h\u00e1 20 anos, a vontade era de come\u00e7ar de novo, devido aos recursos que estamos trazendo\u201d, confessou Eric, convidando os presentes a visitarem o campus.<\/p>\n<p><img loading=\"lazy\" class=\"aligncenter size-medium wp-image-145830\" src=\"http:\/\/www.blogdothame.blog.br\/v1\/wp-content\/uploads\/2023\/01\/Unex-2-1-300x169.jpeg\" alt=\"\" width=\"300\" height=\"169\" srcset=\"https:\/\/www.blogdothame.blog.br\/v1\/wp-content\/uploads\/2023\/01\/Unex-2-1-300x169.jpeg 300w, https:\/\/www.blogdothame.blog.br\/v1\/wp-content\/uploads\/2023\/01\/Unex-2-1.jpeg 640w\" sizes=\"(max-width: 300px) 100vw, 300px\" \/><\/p>\n<p>Com o grupo, em torno de 60 pessoas que o acompanhavam atentamente, o coordenador visitou toda estrutura de laborat\u00f3rios e salas de aula, localizados no t\u00e9rreo e primeiro andar do pr\u00e9dio, destacando as inova\u00e7\u00f5es tecnol\u00f3gicas ali investidas. Outro destaque da nova gradua\u00e7\u00e3o em medicina \u00e9 o corpo docente, que conta com professores qualificados, todos especializados, entre mestres e doutores. Com 64 vagas para este primeiro semestre, a expectativa \u00e9 que as turmas contem com 100 alunos por semestre nos pr\u00f3ximos anos.<\/p>\n","protected":false},"excerpt":{"rendered":"<p>&nbsp; Foi lan\u00e7ado na tarde da \u00faltima segunda-feira, 23 de janeiro, o curso de Medicina da Unex \u2013 Faculdade de Excel\u00eancia, antiga UniFTC Itabuna, no campus Sa\u00fade, localizado na avenida Jos\u00e9 Soares Pinheiro. O evento reuniu representantes da institui\u00e7\u00e3o de ensino, da sociedade civil organizada, de entidades empresariais, da administra\u00e7\u00e3o p\u00fablica, diretores de hospitais, cl\u00ednicas, [&hellip;]<\/p>\n","protected":false},"author":2,"featured_media":145831,"comment_status":"open","ping_status":"open","sticky":false,"template":"","format":"standard","meta":{"_links_to":"","_links_to_target":""},"categories":[33433],"tags":[8393,39,34588],"_links":{"self":[{"href":"https:\/\/www.blogdothame.blog.br\/v1\/wp-json\/wp\/v2\/posts\/145826"}],"collection":[{"href":"https:\/\/www.blogdothame.blog.br\/v1\/wp-json\/wp\/v2\/posts"}],"about":[{"href":"https:\/\/www.blogdothame.blog.br\/v1\/wp-json\/wp\/v2\/types\/post"}],"author":[{"embeddable":true,"href":"https:\/\/www.blogdothame.blog.br\/v1\/wp-json\/wp\/v2\/users\/2"}],"replies":[{"embeddable":true,"href":"https:\/\/www.blogdothame.blog.br\/v1\/wp-json\/wp\/v2\/comments?post=145826"}],"version-history":[{"count":1,"href":"https:\/\/www.blogdothame.blog.br\/v1\/wp-json\/wp\/v2\/posts\/145826\/revisions"}],"predecessor-version":[{"id":145832,"href":"https:\/\/www.blogdothame.blog.br\/v1\/wp-json\/wp\/v2\/posts\/145826\/revisions\/145832"}],"wp:featuredmedia":[{"embeddable":true,"href":"https:\/\/www.blogdothame.blog.br\/v1\/wp-json\/wp\/v2\/media\/145831"}],"wp:attachment":[{"href":"https:\/\/www.blogdothame.blog.br\/v1\/wp-json\/wp\/v2\/media?parent=145826"}],"wp:term":[{"taxonomy":"category","embeddable":true,"href":"https:\/\/www.blogdothame.blog.br\/v1\/wp-json\/wp\/v2\/categories?post=145826"},{"taxonomy":"post_tag","embeddable":true,"href":"https:\/\/www.blogdothame.blog.br\/v1\/wp-json\/wp\/v2\/tags?post=145826"}],"curies":[{"name":"wp","href":"https:\/\/api.w.org\/{rel}","templated":true}]}}