{"id":145444,"date":"2023-01-13T07:23:08","date_gmt":"2023-01-13T10:23:08","guid":{"rendered":"http:\/\/www.blogdothame.blog.br\/v1\/?p=145444"},"modified":"2023-01-13T10:25:21","modified_gmt":"2023-01-13T13:25:21","slug":"secretaria-da-educacao-do-estado-realiza-live-para-orientacao-sobre-a-matricula-on-line","status":"publish","type":"post","link":"https:\/\/www.blogdothame.blog.br\/v1\/2023\/01\/13\/secretaria-da-educacao-do-estado-realiza-live-para-orientacao-sobre-a-matricula-on-line\/","title":{"rendered":"Secretaria da Educa\u00e7\u00e3o do Estado realiza live  para orienta\u00e7\u00e3o sobre a matr\u00edcula on-line"},"content":{"rendered":"<p>&nbsp;<\/p>\n<p><img loading=\"lazy\" class=\"aligncenter size-medium wp-image-145445\" src=\"http:\/\/www.blogdothame.blog.br\/v1\/wp-content\/uploads\/2023\/01\/matriculas-300x198.jpg\" alt=\"\" width=\"300\" height=\"198\" srcset=\"https:\/\/www.blogdothame.blog.br\/v1\/wp-content\/uploads\/2023\/01\/matriculas-300x198.jpg 300w, https:\/\/www.blogdothame.blog.br\/v1\/wp-content\/uploads\/2023\/01\/matriculas.jpg 502w\" sizes=\"(max-width: 300px) 100vw, 300px\" \/><\/p>\n<p>Com o objetivo de orientar as fam\u00edlias e os estudantes sobre o passo a passo da matr\u00edcula on-line para o ano letivo 2023, a Secretaria da Educa\u00e7\u00e3o do Estado (SEC) realiza, nesta sexta-feira (13), \u00e0s 11h, uma live pelo canal do Youtube Educa\u00e7\u00e3oBahia1. A matr\u00edcula on-line na rede estadual de ensino ser\u00e1 realizada de 16 a 24 de janeiro.<\/p>\n<p>O superintendente de Pol\u00edticas para a Educa\u00e7\u00e3o B\u00e1sica, Manoel Calazans, juntamente com a equipe t\u00e9cnica, ir\u00e1 explicar como entrar no sistema e realizar o procedimento da matr\u00edcula de forma pr\u00e1tica e segura. Um chat ficar\u00e1 aberto, durante a live, para que as pessoas possam interagir e sanar as d\u00favidas.<\/p>\n<p>Acesse todas as informa\u00e7\u00f5es sobre a matr\u00edcula*: <a href=\"http:\/\/www.educacao.ba.gov.br\/\" target=\"_blank\" rel=\"noopener\" data-saferedirecturl=\"https:\/\/www.google.com\/url?q=http:\/\/www.educacao.ba.gov.br&amp;source=gmail&amp;ust=1673696842117000&amp;usg=AOvVaw1ztqzqgU0D4QI5cw4IMlf1\">www.educacao.ba.gov.br<\/a><\/p>\n","protected":false},"excerpt":{"rendered":"<p>&nbsp; Com o objetivo de orientar as fam\u00edlias e os estudantes sobre o passo a passo da matr\u00edcula on-line para o ano letivo 2023, a Secretaria da Educa\u00e7\u00e3o do Estado (SEC) realiza, nesta sexta-feira (13), \u00e0s 11h, uma live pelo canal do Youtube Educa\u00e7\u00e3oBahia1. A matr\u00edcula on-line na rede estadual de ensino ser\u00e1 realizada de [&hellip;]<\/p>\n","protected":false},"author":2,"featured_media":145445,"comment_status":"open","ping_status":"open","sticky":false,"template":"","format":"standard","meta":{"_links_to":"","_links_to_target":""},"categories":[1],"tags":[6034,11705],"_links":{"self":[{"href":"https:\/\/www.blogdothame.blog.br\/v1\/wp-json\/wp\/v2\/posts\/145444"}],"collection":[{"href":"https:\/\/www.blogdothame.blog.br\/v1\/wp-json\/wp\/v2\/posts"}],"about":[{"href":"https:\/\/www.blogdothame.blog.br\/v1\/wp-json\/wp\/v2\/types\/post"}],"author":[{"embeddable":true,"href":"https:\/\/www.blogdothame.blog.br\/v1\/wp-json\/wp\/v2\/users\/2"}],"replies":[{"embeddable":true,"href":"https:\/\/www.blogdothame.blog.br\/v1\/wp-json\/wp\/v2\/comments?post=145444"}],"version-history":[{"count":1,"href":"https:\/\/www.blogdothame.blog.br\/v1\/wp-json\/wp\/v2\/posts\/145444\/revisions"}],"predecessor-version":[{"id":145446,"href":"https:\/\/www.blogdothame.blog.br\/v1\/wp-json\/wp\/v2\/posts\/145444\/revisions\/145446"}],"wp:featuredmedia":[{"embeddable":true,"href":"https:\/\/www.blogdothame.blog.br\/v1\/wp-json\/wp\/v2\/media\/145445"}],"wp:attachment":[{"href":"https:\/\/www.blogdothame.blog.br\/v1\/wp-json\/wp\/v2\/media?parent=145444"}],"wp:term":[{"taxonomy":"category","embeddable":true,"href":"https:\/\/www.blogdothame.blog.br\/v1\/wp-json\/wp\/v2\/categories?post=145444"},{"taxonomy":"post_tag","embeddable":true,"href":"https:\/\/www.blogdothame.blog.br\/v1\/wp-json\/wp\/v2\/tags?post=145444"}],"curies":[{"name":"wp","href":"https:\/\/api.w.org\/{rel}","templated":true}]}}