{"id":14530,"date":"2012-11-21T12:12:31","date_gmt":"2012-11-21T15:12:31","guid":{"rendered":"http:\/\/www.blogdothame.blog.br\/v1\/?p=14530"},"modified":"2012-11-21T12:13:13","modified_gmt":"2012-11-21T15:13:13","slug":"projeto-do-governo-da-bahia-que-assegura-promocao-para-professores-e-encaminhado-a-assembleia","status":"publish","type":"post","link":"https:\/\/www.blogdothame.blog.br\/v1\/2012\/11\/21\/projeto-do-governo-da-bahia-que-assegura-promocao-para-professores-e-encaminhado-a-assembleia\/","title":{"rendered":"Projeto do Governo da Bahia  que assegura promo\u00e7\u00e3o para professores \u00e9 encaminhado \u00e0 Assembleia"},"content":{"rendered":"<p>O governador Jaques Wagner encaminhou nesta ter\u00e7a-feira (20) \u00e0 Assembleia Legislativa projeto de lei que possibilita a progress\u00e3o na carreira para os professores da rede estadual de ensino, por meio de curso de atualiza\u00e7\u00e3o. Para isso, a Secretaria da Educa\u00e7\u00e3o institui o Curso de Atualiza\u00e7\u00e3o em Pr\u00e1ticas Pedag\u00f3gicas para professores e coordenadores pedag\u00f3gicos da rede estadual, por meio da portaria n\u00ba 9.483, de 20 de novembro de 2012. O curso possibilita progress\u00e3o com ganho m\u00e9dio de 14%, sendo a primeira promo\u00e7\u00e3o retroativa a novembro deste ano e a segunda a partir de mar\u00e7o de 2013.<\/p>\n<p>O curso ser\u00e1 realizado pela Universidade de Bras\u00edlia (UNB), na modalidade de Educa\u00e7\u00e3o a Dist\u00e2ncia (EAD), com dura\u00e7\u00e3o total de 120 horas, dividido em duas etapas de 60 horas cada. As inscri\u00e7\u00f5es estar\u00e3o abertas no per\u00edodo de 23 de novembro a 6 de dezembro\u00a0<a href=\"http:\/\/www.cead.unb.br\/bahia\/\" target=\"_blank\"><strong>na internet<\/strong><\/a>.<\/p>\n","protected":false},"excerpt":{"rendered":"<p>O governador Jaques Wagner encaminhou nesta ter\u00e7a-feira (20) \u00e0 Assembleia Legislativa projeto de lei que possibilita a progress\u00e3o na carreira para os professores da rede estadual de ensino, por meio de curso de atualiza\u00e7\u00e3o. Para isso, a Secretaria da Educa\u00e7\u00e3o institui o Curso de Atualiza\u00e7\u00e3o em Pr\u00e1ticas Pedag\u00f3gicas para professores e coordenadores pedag\u00f3gicos da rede [&hellip;]<\/p>\n","protected":false},"author":2,"featured_media":0,"comment_status":"open","ping_status":"open","sticky":false,"template":"","format":"standard","meta":{"_links_to":"","_links_to_target":""},"categories":[1],"tags":[552,5191,59,910],"_links":{"self":[{"href":"https:\/\/www.blogdothame.blog.br\/v1\/wp-json\/wp\/v2\/posts\/14530"}],"collection":[{"href":"https:\/\/www.blogdothame.blog.br\/v1\/wp-json\/wp\/v2\/posts"}],"about":[{"href":"https:\/\/www.blogdothame.blog.br\/v1\/wp-json\/wp\/v2\/types\/post"}],"author":[{"embeddable":true,"href":"https:\/\/www.blogdothame.blog.br\/v1\/wp-json\/wp\/v2\/users\/2"}],"replies":[{"embeddable":true,"href":"https:\/\/www.blogdothame.blog.br\/v1\/wp-json\/wp\/v2\/comments?post=14530"}],"version-history":[{"count":2,"href":"https:\/\/www.blogdothame.blog.br\/v1\/wp-json\/wp\/v2\/posts\/14530\/revisions"}],"predecessor-version":[{"id":14532,"href":"https:\/\/www.blogdothame.blog.br\/v1\/wp-json\/wp\/v2\/posts\/14530\/revisions\/14532"}],"wp:attachment":[{"href":"https:\/\/www.blogdothame.blog.br\/v1\/wp-json\/wp\/v2\/media?parent=14530"}],"wp:term":[{"taxonomy":"category","embeddable":true,"href":"https:\/\/www.blogdothame.blog.br\/v1\/wp-json\/wp\/v2\/categories?post=14530"},{"taxonomy":"post_tag","embeddable":true,"href":"https:\/\/www.blogdothame.blog.br\/v1\/wp-json\/wp\/v2\/tags?post=14530"}],"curies":[{"name":"wp","href":"https:\/\/api.w.org\/{rel}","templated":true}]}}