{"id":145236,"date":"2023-01-06T17:13:56","date_gmt":"2023-01-06T20:13:56","guid":{"rendered":"http:\/\/www.blogdothame.blog.br\/v1\/?p=145236"},"modified":"2023-01-06T22:39:49","modified_gmt":"2023-01-07T01:39:49","slug":"turismo-de-base-comunitaria-transforma-a-vida-de-familias-ribeirinhas-em-canavieiras","status":"publish","type":"post","link":"https:\/\/www.blogdothame.blog.br\/v1\/2023\/01\/06\/turismo-de-base-comunitaria-transforma-a-vida-de-familias-ribeirinhas-em-canavieiras\/","title":{"rendered":"Turismo de base comunit\u00e1ria transforma a vida de fam\u00edlias ribeirinhas em Canavieiras"},"content":{"rendered":"<p>&nbsp;<\/p>\n<p><img loading=\"lazy\" class=\"aligncenter wp-image-145240\" src=\"http:\/\/www.blogdothame.blog.br\/v1\/wp-content\/uploads\/2023\/01\/tur-com-can-3.jpg\" alt=\"\" width=\"454\" height=\"303\" srcset=\"https:\/\/www.blogdothame.blog.br\/v1\/wp-content\/uploads\/2023\/01\/tur-com-can-3.jpg 512w, https:\/\/www.blogdothame.blog.br\/v1\/wp-content\/uploads\/2023\/01\/tur-com-can-3-300x200.jpg 300w\" sizes=\"(max-width: 454px) 100vw, 454px\" \/><\/p>\n<p>As comunidades de Campinhos, Atalaia, Poxim da Praia e Oiticica, localizadas no munic\u00edpio de Canavieiras, que fazem parte da Reserva Extrativista de Canavieiras, unidade de conserva\u00e7\u00e3o de uso sustent\u00e1vel, integram um projeto de Turismo de Base Comunit\u00e1ria (TBC). Uma iniciativa inovadora do projeto do Governo do Estado, Bahia Produtiva, executado pela Companhia de Desenvolvimento e A\u00e7\u00e3o Regional (CAR).<\/p>\n<p><img loading=\"lazy\" class=\"aligncenter size-medium wp-image-145237\" src=\"http:\/\/www.blogdothame.blog.br\/v1\/wp-content\/uploads\/2023\/01\/tur-com-can-4-300x200.jpg\" alt=\"\" width=\"300\" height=\"200\" srcset=\"https:\/\/www.blogdothame.blog.br\/v1\/wp-content\/uploads\/2023\/01\/tur-com-can-4-300x200.jpg 300w, https:\/\/www.blogdothame.blog.br\/v1\/wp-content\/uploads\/2023\/01\/tur-com-can-4.jpg 512w\" sizes=\"(max-width: 300px) 100vw, 300px\" \/><\/p>\n<p>Nas comunidades, localizadas em um cen\u00e1rio de in\u00fameras belezas naturais, a atividade do Turismo de Base Comunit\u00e1ria est\u00e1 sendo fortalecida com o acompanhamento da equipe da Humana Brasil, organiza\u00e7\u00e3o n\u00e3o-governamental que presta o servi\u00e7o de assist\u00eancia t\u00e9cnica e extens\u00e3o rural (ATER), no \u00e2mbito do projeto. A a\u00e7\u00e3o, que j\u00e1 est\u00e1 em execu\u00e7\u00e3o, ir\u00e1 reestruturar essas comunidades e potencializar o Turismo de Base Comunit\u00e1ria, gerando renda e movimentando a economia local e regional.<\/p>\n<p><img loading=\"lazy\" class=\"aligncenter size-medium wp-image-145238\" src=\"http:\/\/www.blogdothame.blog.br\/v1\/wp-content\/uploads\/2023\/01\/tur-com-can-2-300x200.jpg\" alt=\"\" width=\"300\" height=\"200\" srcset=\"https:\/\/www.blogdothame.blog.br\/v1\/wp-content\/uploads\/2023\/01\/tur-com-can-2-300x200.jpg 300w, https:\/\/www.blogdothame.blog.br\/v1\/wp-content\/uploads\/2023\/01\/tur-com-can-2.jpg 512w\" sizes=\"(max-width: 300px) 100vw, 300px\" \/><\/p>\n<p>De acordo com a t\u00e9cnica de campo do projeto e engenheira florestal com especializa\u00e7\u00e3o em Gest\u00e3o Ambiental, J\u00e9ssica Nobre, a elabora\u00e7\u00e3o do projeto t\u00e9cnico seguiu as normas legais de preserva\u00e7\u00e3o e conserva\u00e7\u00e3o do ecossistema e da biodiversidade da Reserva, e foi elaborado de forma participativa, com a comunidade, ap\u00f3s estudo pr\u00e9vio de viabilidade ambiental, social e econ\u00f4mica.<\/p>\n<p><!--more--><\/p>\n<p><img loading=\"lazy\" class=\"alignleft size-medium wp-image-145239\" src=\"http:\/\/www.blogdothame.blog.br\/v1\/wp-content\/uploads\/2023\/01\/tur-com-can-1-300x200.jpg\" alt=\"\" width=\"300\" height=\"200\" srcset=\"https:\/\/www.blogdothame.blog.br\/v1\/wp-content\/uploads\/2023\/01\/tur-com-can-1-300x200.jpg 300w, https:\/\/www.blogdothame.blog.br\/v1\/wp-content\/uploads\/2023\/01\/tur-com-can-1.jpg 512w\" sizes=\"(max-width: 300px) 100vw, 300px\" \/>Est\u00e3o sendo destinados, por meio do Bahia Produtiva, recursos da ordem de R$ 465,4 mil, para a Associa\u00e7\u00e3o dos Pescadores Marisqueiras e Moradores da Comunidade de Atalaia (Apema), em m\u00e1quinas e equipamentos, para a estrutura\u00e7\u00e3o do servi\u00e7o, beneficiando cerca de duas mil fam\u00edlias. As a\u00e7\u00f5es v\u00e3o desde a estrutura\u00e7\u00e3o dos espa\u00e7os para o receptivo, com equipamentos de prote\u00e7\u00e3o individual (EPIs) e para as casas, at\u00e9 a reforma e aquisi\u00e7\u00e3o de novas embarca\u00e7\u00f5es, para os passeios.<\/p>\n<p>Na comunidade de Campinhos vive Jo\u00e3o Gon\u00e7alves, conhecido na comunidade por \u201cJo\u00e3o Barba\u201d, que comemora a chegada do apoio para o Turismo de Base Comunit\u00e1ria, visando o futuro dos filhos de seus cinco filhos e das novas gera\u00e7\u00f5es. \u201cNossa preocupa\u00e7\u00e3o com esse projeto \u00e9 o de proporcionar aos jovens um futuro. Ter esses parceiros foi muito importante. Conseguimos e, com isso, mostramos aos jovens que \u00e9 poss\u00edvel trabalhar aqui e evoluir\u201d.<\/p>\n<p>O projeto chega para alavancar essas atividades que j\u00e1 estavam acontecendo nas comunidades e trazer melhoria da qualidade de vida dessas popula\u00e7\u00f5es ribeirinhas, por meio da gera\u00e7\u00e3o de renda, tanto por meio do extrativismo quanto do Turismo de Base Comunit\u00e1ria, al\u00e9m de incentivar o aproveitamento de frut\u00edferas como coco e mangaba. O projeto prev\u00ea ainda a estrutura\u00e7\u00e3o de cozinhas para a oferta da culin\u00e1ria t\u00edpica da regi\u00e3o e tamb\u00e9m a viv\u00eancia cultural com os extrativistas.<\/p>\n<p>Al\u00e9m do acompanhamento t\u00e9cnico para o desenvolvimento, tamb\u00e9m s\u00e3o realizadas capacita\u00e7\u00f5es para benefici\u00e1rias e benefici\u00e1rios, nas diversas \u00e1reas relacionadas ao Turismo de Base Comunit\u00e1ria, a exemplo da constru\u00e7\u00e3o de roteiros, recep\u00e7\u00e3o de turistas, dimensionamento das capacidades, etc. Dessa forma, as chances de sucesso do projeto ser\u00e3o potencializadas.<\/p>\n<p>O Bahia Produtiva \u00e9 um projeto executado pela CAR, empresa p\u00fablica vinculada \u00e0 Secretaria de Desenvolvimento Rural (SDR), com cofinanciamento do Banco Mundial.<\/p>\n<p>A mat\u00e9ria faz parte da Revista Bahia Produtiva \u2013 Assist\u00eancia T\u00e9cnica e Extens\u00e3o Rural promove transforma\u00e7\u00f5es no rural baiano e pode ser conferida na \u00edntegra atrav\u00e9s do link:\u00a0<a href=\"https:\/\/issuu.com\/sdrbahia\/docs\/revista-bahia-produtiva_sdr_2022\" target=\"_blank\" rel=\"noopener\" data-saferedirecturl=\"https:\/\/www.google.com\/url?q=https:\/\/issuu.com\/sdrbahia\/docs\/revista-bahia-produtiva_sdr_2022&amp;source=gmail&amp;ust=1673112759097000&amp;usg=AOvVaw0IZ95tMJ6y46ybi63PM9ai\">https:\/\/issuu.com\/sdrbahia\/<wbr \/>docs\/revista-bahia-produtiva_<wbr \/>sdr_2022<\/a><\/p>\n<div class=\"yj6qo\"><\/div>\n<div class=\"adL\"><\/div>\n","protected":false},"excerpt":{"rendered":"<p>&nbsp; As comunidades de Campinhos, Atalaia, Poxim da Praia e Oiticica, localizadas no munic\u00edpio de Canavieiras, que fazem parte da Reserva Extrativista de Canavieiras, unidade de conserva\u00e7\u00e3o de uso sustent\u00e1vel, integram um projeto de Turismo de Base Comunit\u00e1ria (TBC). Uma iniciativa inovadora do projeto do Governo do Estado, Bahia Produtiva, executado pela Companhia de Desenvolvimento [&hellip;]<\/p>\n","protected":false},"author":2,"featured_media":145240,"comment_status":"open","ping_status":"open","sticky":false,"template":"","format":"standard","meta":{"_links_to":"","_links_to_target":""},"categories":[33433],"tags":[11563,87,3012,4578,185,29432],"_links":{"self":[{"href":"https:\/\/www.blogdothame.blog.br\/v1\/wp-json\/wp\/v2\/posts\/145236"}],"collection":[{"href":"https:\/\/www.blogdothame.blog.br\/v1\/wp-json\/wp\/v2\/posts"}],"about":[{"href":"https:\/\/www.blogdothame.blog.br\/v1\/wp-json\/wp\/v2\/types\/post"}],"author":[{"embeddable":true,"href":"https:\/\/www.blogdothame.blog.br\/v1\/wp-json\/wp\/v2\/users\/2"}],"replies":[{"embeddable":true,"href":"https:\/\/www.blogdothame.blog.br\/v1\/wp-json\/wp\/v2\/comments?post=145236"}],"version-history":[{"count":1,"href":"https:\/\/www.blogdothame.blog.br\/v1\/wp-json\/wp\/v2\/posts\/145236\/revisions"}],"predecessor-version":[{"id":145241,"href":"https:\/\/www.blogdothame.blog.br\/v1\/wp-json\/wp\/v2\/posts\/145236\/revisions\/145241"}],"wp:featuredmedia":[{"embeddable":true,"href":"https:\/\/www.blogdothame.blog.br\/v1\/wp-json\/wp\/v2\/media\/145240"}],"wp:attachment":[{"href":"https:\/\/www.blogdothame.blog.br\/v1\/wp-json\/wp\/v2\/media?parent=145236"}],"wp:term":[{"taxonomy":"category","embeddable":true,"href":"https:\/\/www.blogdothame.blog.br\/v1\/wp-json\/wp\/v2\/categories?post=145236"},{"taxonomy":"post_tag","embeddable":true,"href":"https:\/\/www.blogdothame.blog.br\/v1\/wp-json\/wp\/v2\/tags?post=145236"}],"curies":[{"name":"wp","href":"https:\/\/api.w.org\/{rel}","templated":true}]}}