{"id":145234,"date":"2023-01-06T14:36:37","date_gmt":"2023-01-06T17:36:37","guid":{"rendered":"http:\/\/www.blogdothame.blog.br\/v1\/?p=145234"},"modified":"2023-01-06T14:37:52","modified_gmt":"2023-01-06T17:37:52","slug":"jeronimo-participa-dos-festejos-dos-200-anos-de-independencia-da-bahia-em-itaparica","status":"publish","type":"post","link":"https:\/\/www.blogdothame.blog.br\/v1\/2023\/01\/06\/jeronimo-participa-dos-festejos-dos-200-anos-de-independencia-da-bahia-em-itaparica\/","title":{"rendered":"Jer\u00f4nimo participa dos festejos dos 200 anos de Independ\u00eancia da Bahia em Itaparica"},"content":{"rendered":"<div><\/div>\n<div><img loading=\"lazy\" class=\"aligncenter wp-image-143118\" src=\"http:\/\/www.blogdothame.blog.br\/v1\/wp-content\/uploads\/2022\/11\/jero-republica.jpg\" alt=\"\" width=\"338\" height=\"254\" srcset=\"https:\/\/www.blogdothame.blog.br\/v1\/wp-content\/uploads\/2022\/11\/jero-republica.jpg 853w, https:\/\/www.blogdothame.blog.br\/v1\/wp-content\/uploads\/2022\/11\/jero-republica-300x226.jpg 300w, https:\/\/www.blogdothame.blog.br\/v1\/wp-content\/uploads\/2022\/11\/jero-republica-768x578.jpg 768w\" sizes=\"(max-width: 338px) 100vw, 338px\" \/><\/div>\n<div><\/div>\n<div>O governador Jer\u00f4nimo Rodrigues \u00a0participa, neste s\u00e1bado (dia 7), a partir das 16h, da festa dos 200 anos de Independ\u00eancia da Bahia em Itaparica. Iniciadas nesta sexta-feira (dia 6), as festividades acontecem at\u00e9 segunda (dia 9), no Campo Formoso. A programa\u00e7\u00e3o inclui apresenta\u00e7\u00e3o de manifesta\u00e7\u00f5es culturais, atra\u00e7\u00f5es musicais, al\u00e9m das celebra\u00e7\u00f5es religiosas.<\/div>\n<div><\/div>\n<div>Jer\u00f4nimo deve acompanhar a Sa\u00edda da \u00a0Puxada do Caboclo, a celebra\u00e7\u00e3o do Te Deum e a apresenta\u00e7\u00e3o do auto Roubada da Rainha.<\/div>\n","protected":false},"excerpt":{"rendered":"<p>O governador Jer\u00f4nimo Rodrigues \u00a0participa, neste s\u00e1bado (dia 7), a partir das 16h, da festa dos 200 anos de Independ\u00eancia da Bahia em Itaparica. Iniciadas nesta sexta-feira (dia 6), as festividades acontecem at\u00e9 segunda (dia 9), no Campo Formoso. A programa\u00e7\u00e3o inclui apresenta\u00e7\u00e3o de manifesta\u00e7\u00f5es culturais, atra\u00e7\u00f5es musicais, al\u00e9m das celebra\u00e7\u00f5es religiosas. Jer\u00f4nimo deve acompanhar [&hellip;]<\/p>\n","protected":false},"author":2,"featured_media":143118,"comment_status":"open","ping_status":"open","sticky":false,"template":"","format":"standard","meta":{"_links_to":"","_links_to_target":""},"categories":[33433],"tags":[34482,12213],"_links":{"self":[{"href":"https:\/\/www.blogdothame.blog.br\/v1\/wp-json\/wp\/v2\/posts\/145234"}],"collection":[{"href":"https:\/\/www.blogdothame.blog.br\/v1\/wp-json\/wp\/v2\/posts"}],"about":[{"href":"https:\/\/www.blogdothame.blog.br\/v1\/wp-json\/wp\/v2\/types\/post"}],"author":[{"embeddable":true,"href":"https:\/\/www.blogdothame.blog.br\/v1\/wp-json\/wp\/v2\/users\/2"}],"replies":[{"embeddable":true,"href":"https:\/\/www.blogdothame.blog.br\/v1\/wp-json\/wp\/v2\/comments?post=145234"}],"version-history":[{"count":1,"href":"https:\/\/www.blogdothame.blog.br\/v1\/wp-json\/wp\/v2\/posts\/145234\/revisions"}],"predecessor-version":[{"id":145235,"href":"https:\/\/www.blogdothame.blog.br\/v1\/wp-json\/wp\/v2\/posts\/145234\/revisions\/145235"}],"wp:featuredmedia":[{"embeddable":true,"href":"https:\/\/www.blogdothame.blog.br\/v1\/wp-json\/wp\/v2\/media\/143118"}],"wp:attachment":[{"href":"https:\/\/www.blogdothame.blog.br\/v1\/wp-json\/wp\/v2\/media?parent=145234"}],"wp:term":[{"taxonomy":"category","embeddable":true,"href":"https:\/\/www.blogdothame.blog.br\/v1\/wp-json\/wp\/v2\/categories?post=145234"},{"taxonomy":"post_tag","embeddable":true,"href":"https:\/\/www.blogdothame.blog.br\/v1\/wp-json\/wp\/v2\/tags?post=145234"}],"curies":[{"name":"wp","href":"https:\/\/api.w.org\/{rel}","templated":true}]}}