{"id":145085,"date":"2023-01-02T17:06:28","date_gmt":"2023-01-02T20:06:28","guid":{"rendered":"http:\/\/www.blogdothame.blog.br\/v1\/?p=145085"},"modified":"2023-01-02T17:06:35","modified_gmt":"2023-01-02T20:06:35","slug":"me-senti-representada-como-mulher-mae-e-preta-diz-diretora-da-associacao-dos-catadores-de-itabuna-sobre-entrega-de-faixa-presidencial-na-posse-de-lula","status":"publish","type":"post","link":"https:\/\/www.blogdothame.blog.br\/v1\/2023\/01\/02\/me-senti-representada-como-mulher-mae-e-preta-diz-diretora-da-associacao-dos-catadores-de-itabuna-sobre-entrega-de-faixa-presidencial-na-posse-de-lula\/","title":{"rendered":"\u201cMe senti representada como mulher, m\u00e3e e preta\u201d, diz diretora da Associa\u00e7\u00e3o dos Catadores de Itabuna  sobre entrega de faixa presidencial na posse de Lula"},"content":{"rendered":"<p>&nbsp;<\/p>\n<div id=\"attachment_145087\" style=\"width: 312px\" class=\"wp-caption aligncenter\"><img aria-describedby=\"caption-attachment-145087\" loading=\"lazy\" class=\" wp-image-145087\" src=\"http:\/\/www.blogdothame.blog.br\/v1\/wp-content\/uploads\/2023\/01\/Daniele-expocatadores-2022-2.jpg\" alt=\"\" width=\"302\" height=\"403\" srcset=\"https:\/\/www.blogdothame.blog.br\/v1\/wp-content\/uploads\/2023\/01\/Daniele-expocatadores-2022-2.jpg 480w, https:\/\/www.blogdothame.blog.br\/v1\/wp-content\/uploads\/2023\/01\/Daniele-expocatadores-2022-2-225x300.jpg 225w\" sizes=\"(max-width: 302px) 100vw, 302px\" \/><p id=\"caption-attachment-145087\" class=\"wp-caption-text\">Daniele dos Santos Pereira, vice-presidente da AACRI<\/p><\/div>\n<p>Ao presenciar a catadora de recicl\u00e1veis Aline Sousa, de 33 anos, colocar a faixa presencial em Lula, ao lado de outros representantes do povo brasileiro, num dos momentos mais marcantes da solenidade de posse, \u00a0Daniele dos Santos Pereira, vice-presidente da Associa\u00e7\u00e3o de Agentes Ambientais e Catadores de Recicl\u00e1veis (AACRI) de Itabuna n\u00e3o conseguiu segurar a emo\u00e7\u00e3o.<\/p>\n<p>&nbsp;<\/p>\n<p>A exemplo de milh\u00f5es de brasileiros que assistiam \u00e0 cerim\u00f4nia pela televis\u00e3o ou pessoalmente em Bras\u00edlia, Daniele se sentiu representada num momento que ficar\u00e1 marcado na hist\u00f3ria da democracia brasileira.<\/p>\n<div class=\"mceTemp\"><\/div>\n<div id=\"attachment_145086\" style=\"width: 506px\" class=\"wp-caption aligncenter\"><img aria-describedby=\"caption-attachment-145086\" loading=\"lazy\" class=\" wp-image-145086\" src=\"http:\/\/www.blogdothame.blog.br\/v1\/wp-content\/uploads\/2023\/01\/faixa-lula-catadora.jpg\" alt=\"\" width=\"496\" height=\"297\" srcset=\"https:\/\/www.blogdothame.blog.br\/v1\/wp-content\/uploads\/2023\/01\/faixa-lula-catadora.jpg 468w, https:\/\/www.blogdothame.blog.br\/v1\/wp-content\/uploads\/2023\/01\/faixa-lula-catadora-300x179.jpg 300w\" sizes=\"(max-width: 496px) 100vw, 496px\" \/><p id=\"caption-attachment-145086\" class=\"wp-caption-text\">Lula recebe a faixa de quem merecia entreg\u00e1-la: o povo brasileiro (foto Marcelo Camargo-Ag\u00eancia Brasil)<\/p><\/div>\n<p>\u201cQuando vi Aline subindo a rampa nos representando enquanto Catadora e particularmente a n\u00f3s mulheres, m\u00e3es e pretas, que trabalharam no lix\u00e3o e hoje atuam na reciclagem, \u00a0colocando a faixa no Presidente Lula, foi de uma felicidade que at\u00e9 me faltam palavras para expressar\u201d, afirma Daniele. \u201cMe sinto agradecida por estar vivenciando tudo isso e saber que agora temos um presidente que se preocupa com o povo e vai melhorar a vida das pessoas mais humildes\u201d, disse.<\/p>\n<p>&nbsp;<\/p>\n<p>Em dezembro, a vice-presidente da AACRI participou da Expocatadores 2022, o maior evento de reciclagem e coleta seletiva da Am\u00e9rica Latina, realizado em S\u00e3o Paulo, acompanhada de Andr\u00e9a Pires dos Reis, assistente social da Defensoria P\u00fablica da Bahia\/Itabuna.<\/p>\n<div id=\"attachment_145088\" style=\"width: 280px\" class=\"wp-caption alignleft\"><img aria-describedby=\"caption-attachment-145088\" loading=\"lazy\" class=\"size-medium wp-image-145088\" src=\"http:\/\/www.blogdothame.blog.br\/v1\/wp-content\/uploads\/2023\/01\/Daniele-expocatadores-2022-1-270x300.jpg\" alt=\"\" width=\"270\" height=\"300\" srcset=\"https:\/\/www.blogdothame.blog.br\/v1\/wp-content\/uploads\/2023\/01\/Daniele-expocatadores-2022-1-270x300.jpg 270w, https:\/\/www.blogdothame.blog.br\/v1\/wp-content\/uploads\/2023\/01\/Daniele-expocatadores-2022-1.jpg 284w\" sizes=\"(max-width: 270px) 100vw, 270px\" \/><p id=\"caption-attachment-145088\" class=\"wp-caption-text\">Daniele relata experi\u00eancia itabunense na Expocatadores<\/p><\/div>\n<p>Na Expocatadores, Daniele dos Santos Pereira participou de uma mesa redonda em que \u00a0\u00a0falou sobre a mudan\u00e7a do antigo lix\u00e3o para uma Central de Triagem, atrav\u00e9s de um conv\u00eanio com a Prefeitura de Itabuna e a parceria com a Defensoria P\u00fablica da Bahia\/Itabuna atrav\u00e9s do Programa M\u00e3os que Reciclam, Minist\u00e9rio P\u00fablico do Trabalho (MPT), Conselho Municipal do Meio Ambiente (COMAM), CVR Costa do Cacau e o Cesol Litoral Sul.<\/p>\n<p>&nbsp;<\/p>\n<p>O programa M\u00e3os que Reciclam, da Defensoria P\u00fablica da Bahia, atrav\u00e9s das defensoras p\u00fablicas estaduais Kaliany Gonzaga e Aline Muller recebeu o Pr\u00eamio Innovare, na categoria Defensoria P\u00fablica.<\/p>\n<p>&nbsp;<\/p>\n<p>Durante o evento, Daniele participou de um encontro com a presen\u00e7a de Lula. A Expocatadores me permitiu aprender com cada fala dos palestrantes, conhecer v\u00e1rias pessoas, trocar experi\u00eancias e ver \u00a0o presidente Lula de perto, ele que sempre respeitou a nossa categoria de Catadores foi de grande emo\u00e7\u00e3o, que momento especial. Eu vi o homem do povo, que desceu do palco e veio abra\u00e7ar a todos n\u00f3s\u201d, disse Daniele, que aposta no fortalecimento da reciclagem e na valoriza\u00e7\u00e3o dos catadores neste novo mandato de Lula.<\/p>\n<p>&nbsp;<\/p>\n<p>Atualmente, a AACRI, que possui cerca de 100 associados, realiza a venda de reciclados para a Bahia e Minas Gerais.<\/p>\n","protected":false},"excerpt":{"rendered":"<p>&nbsp; Ao presenciar a catadora de recicl\u00e1veis Aline Sousa, de 33 anos, colocar a faixa presencial em Lula, ao lado de outros representantes do povo brasileiro, num dos momentos mais marcantes da solenidade de posse, \u00a0Daniele dos Santos Pereira, vice-presidente da Associa\u00e7\u00e3o de Agentes Ambientais e Catadores de Recicl\u00e1veis (AACRI) de Itabuna n\u00e3o conseguiu segurar [&hellip;]<\/p>\n","protected":false},"author":2,"featured_media":145087,"comment_status":"open","ping_status":"open","sticky":false,"template":"","format":"standard","meta":{"_links_to":"","_links_to_target":""},"categories":[33432],"tags":[34449,34452,34451,34453,34450,337],"_links":{"self":[{"href":"https:\/\/www.blogdothame.blog.br\/v1\/wp-json\/wp\/v2\/posts\/145085"}],"collection":[{"href":"https:\/\/www.blogdothame.blog.br\/v1\/wp-json\/wp\/v2\/posts"}],"about":[{"href":"https:\/\/www.blogdothame.blog.br\/v1\/wp-json\/wp\/v2\/types\/post"}],"author":[{"embeddable":true,"href":"https:\/\/www.blogdothame.blog.br\/v1\/wp-json\/wp\/v2\/users\/2"}],"replies":[{"embeddable":true,"href":"https:\/\/www.blogdothame.blog.br\/v1\/wp-json\/wp\/v2\/comments?post=145085"}],"version-history":[{"count":1,"href":"https:\/\/www.blogdothame.blog.br\/v1\/wp-json\/wp\/v2\/posts\/145085\/revisions"}],"predecessor-version":[{"id":145089,"href":"https:\/\/www.blogdothame.blog.br\/v1\/wp-json\/wp\/v2\/posts\/145085\/revisions\/145089"}],"wp:featuredmedia":[{"embeddable":true,"href":"https:\/\/www.blogdothame.blog.br\/v1\/wp-json\/wp\/v2\/media\/145087"}],"wp:attachment":[{"href":"https:\/\/www.blogdothame.blog.br\/v1\/wp-json\/wp\/v2\/media?parent=145085"}],"wp:term":[{"taxonomy":"category","embeddable":true,"href":"https:\/\/www.blogdothame.blog.br\/v1\/wp-json\/wp\/v2\/categories?post=145085"},{"taxonomy":"post_tag","embeddable":true,"href":"https:\/\/www.blogdothame.blog.br\/v1\/wp-json\/wp\/v2\/tags?post=145085"}],"curies":[{"name":"wp","href":"https:\/\/api.w.org\/{rel}","templated":true}]}}