{"id":145059,"date":"2023-01-02T13:13:41","date_gmt":"2023-01-02T16:13:41","guid":{"rendered":"http:\/\/www.blogdothame.blog.br\/v1\/?p=145059"},"modified":"2023-01-02T12:07:38","modified_gmt":"2023-01-02T15:07:38","slug":"coordenador-do-recicla-itabuna-destaca-recriacao-do-programa-pro-catador","status":"publish","type":"post","link":"https:\/\/www.blogdothame.blog.br\/v1\/2023\/01\/02\/coordenador-do-recicla-itabuna-destaca-recriacao-do-programa-pro-catador\/","title":{"rendered":"Coordenador do Recicla Itabuna  destaca recria\u00e7\u00e3o do Programa Pr\u00f3-Catador"},"content":{"rendered":"<p><img loading=\"lazy\" class=\"alignleft size-medium wp-image-145060\" src=\"http:\/\/www.blogdothame.blog.br\/v1\/wp-content\/uploads\/2023\/01\/recicla-300x300.jpg\" alt=\"\" width=\"300\" height=\"300\" srcset=\"https:\/\/www.blogdothame.blog.br\/v1\/wp-content\/uploads\/2023\/01\/recicla-300x300.jpg 300w, https:\/\/www.blogdothame.blog.br\/v1\/wp-content\/uploads\/2023\/01\/recicla-150x150.jpg 150w, https:\/\/www.blogdothame.blog.br\/v1\/wp-content\/uploads\/2023\/01\/recicla-768x768.jpg 768w, https:\/\/www.blogdothame.blog.br\/v1\/wp-content\/uploads\/2023\/01\/recicla.jpg 853w\" sizes=\"(max-width: 300px) 100vw, 300px\" \/>A recria\u00e7\u00e3o do Programa Pr\u00f3-Catador, por meio de despacho assinado pelo presidente Luiz In\u00e1cio Lula da Silva, foi festejada pelo supervisor de Projetos da Secretaria Municipal de Planejamento (SEPLAN) e coordenador do Programa Recicla Itabuna, Rosivaldo Pinheiro. O despacho foi assinado no domingo, dia 1\u00ba.<\/p>\n<p>Antes de dar posse aos ministros, o novo mandat\u00e1rio da Rep\u00fablica determinou a ado\u00e7\u00e3o de provid\u00eancias pelo Ministro de Estado Chefe da Secretaria-Geral da Presid\u00eancia da Rep\u00fablica, M\u00e1rcio Costa Mac\u00eado, \u00a0para a elabora\u00e7\u00e3o de proposta de ato normativo que disponha sobre a recria\u00e7\u00e3o do referido Programa e a realiza\u00e7\u00e3o de estudos de revis\u00e3o do programa Recicla +, no prazo de 45 dias.<\/p>\n<p>\u201cItabuna participou da Expocatadores m\u00eas passado em S\u00e3o Paulo. A \u00a0vice-presidente da Associa\u00e7\u00e3o dos Agentes Ambientais e Catadores de Reutiliz\u00e1veis e Recicl\u00e1veis de Itabuna (AACRRI), Daniela dos Santos Pereira, apresentou os avan\u00e7os e realiza\u00e7\u00f5es do munic\u00edpio em favor dos catadores, hoje, agentes ambientais\u201d, lembrou o coordenador.<\/p>\n<p>&nbsp;<\/p>\n<p><!--more--><\/p>\n<p>\u201cNosso programa de reciclagem, que faz a inclus\u00e3o social, levou duas defensoras p\u00fablicas do estado, Kaliany Gonzaga e Aline Muller, que atuam com a gest\u00e3o municipal no Recicla Itabuna, serem premiadas em n\u00edvel nacional no Programa Innovare \u2013 2022, com o Programa M\u00e3os que Reciclam\u201d, resume Pinheiro.<\/p>\n<p>Ele tamb\u00e9m lembrou que a catadora paulista de recicl\u00e1veis Aline Sousa, de 33 anos, da terceira gera\u00e7\u00e3o de catadores da fam\u00edlia dela, representou o povo brasileiro na coloca\u00e7\u00e3o da faixa presidencial em Lula, na rampa do Pal\u00e1cio do Planalto.<\/p>\n<p>O Pr\u00f3-Catadores tinha por objetivo apoiar e fomentar a organiza\u00e7\u00e3o produtiva dos catadores de materiais reutiliz\u00e1veis e recicl\u00e1veis, melhorar as condi\u00e7\u00f5es de trabalho, ampliar as oportunidades de inclus\u00e3o social e econ\u00f4mica e expandir a coleta seletiva de res\u00edduos s\u00f3lidos, a reutiliza\u00e7\u00e3o e a reciclagem.<\/p>\n","protected":false},"excerpt":{"rendered":"<p>A recria\u00e7\u00e3o do Programa Pr\u00f3-Catador, por meio de despacho assinado pelo presidente Luiz In\u00e1cio Lula da Silva, foi festejada pelo supervisor de Projetos da Secretaria Municipal de Planejamento (SEPLAN) e coordenador do Programa Recicla Itabuna, Rosivaldo Pinheiro. O despacho foi assinado no domingo, dia 1\u00ba. Antes de dar posse aos ministros, o novo mandat\u00e1rio da [&hellip;]<\/p>\n","protected":false},"author":2,"featured_media":145060,"comment_status":"open","ping_status":"open","sticky":false,"template":"","format":"standard","meta":{"_links_to":"","_links_to_target":""},"categories":[33433],"tags":[337,1558,34446,34447],"_links":{"self":[{"href":"https:\/\/www.blogdothame.blog.br\/v1\/wp-json\/wp\/v2\/posts\/145059"}],"collection":[{"href":"https:\/\/www.blogdothame.blog.br\/v1\/wp-json\/wp\/v2\/posts"}],"about":[{"href":"https:\/\/www.blogdothame.blog.br\/v1\/wp-json\/wp\/v2\/types\/post"}],"author":[{"embeddable":true,"href":"https:\/\/www.blogdothame.blog.br\/v1\/wp-json\/wp\/v2\/users\/2"}],"replies":[{"embeddable":true,"href":"https:\/\/www.blogdothame.blog.br\/v1\/wp-json\/wp\/v2\/comments?post=145059"}],"version-history":[{"count":1,"href":"https:\/\/www.blogdothame.blog.br\/v1\/wp-json\/wp\/v2\/posts\/145059\/revisions"}],"predecessor-version":[{"id":145061,"href":"https:\/\/www.blogdothame.blog.br\/v1\/wp-json\/wp\/v2\/posts\/145059\/revisions\/145061"}],"wp:featuredmedia":[{"embeddable":true,"href":"https:\/\/www.blogdothame.blog.br\/v1\/wp-json\/wp\/v2\/media\/145060"}],"wp:attachment":[{"href":"https:\/\/www.blogdothame.blog.br\/v1\/wp-json\/wp\/v2\/media?parent=145059"}],"wp:term":[{"taxonomy":"category","embeddable":true,"href":"https:\/\/www.blogdothame.blog.br\/v1\/wp-json\/wp\/v2\/categories?post=145059"},{"taxonomy":"post_tag","embeddable":true,"href":"https:\/\/www.blogdothame.blog.br\/v1\/wp-json\/wp\/v2\/tags?post=145059"}],"curies":[{"name":"wp","href":"https:\/\/api.w.org\/{rel}","templated":true}]}}