{"id":144821,"date":"2022-12-23T17:00:26","date_gmt":"2022-12-23T20:00:26","guid":{"rendered":"http:\/\/www.blogdothame.blog.br\/v1\/?p=144821"},"modified":"2022-12-23T16:24:42","modified_gmt":"2022-12-23T19:24:42","slug":"vereadores-indigenas-criam-organizacao-na-bahia","status":"publish","type":"post","link":"https:\/\/www.blogdothame.blog.br\/v1\/2022\/12\/23\/vereadores-indigenas-criam-organizacao-na-bahia\/","title":{"rendered":"Vereadores ind\u00edgenas criam organiza\u00e7\u00e3o na Bahia"},"content":{"rendered":"<p><img loading=\"lazy\" class=\"aligncenter wp-image-144823\" src=\"http:\/\/www.blogdothame.blog.br\/v1\/wp-content\/uploads\/2022\/12\/jer-indios.jpg\" alt=\"\" width=\"382\" height=\"250\" srcset=\"https:\/\/www.blogdothame.blog.br\/v1\/wp-content\/uploads\/2022\/12\/jer-indios.jpg 600w, https:\/\/www.blogdothame.blog.br\/v1\/wp-content\/uploads\/2022\/12\/jer-indios-300x196.jpg 300w\" sizes=\"(max-width: 382px) 100vw, 382px\" \/><\/p>\n<p>Em assembleia realizada hoje (23), os vereadores ind\u00edgenas da Bahia criaram a primeira organiza\u00e7\u00e3o de vereadores ind\u00edgena do Brasil, com o objetivo de ser um canal de interlocu\u00e7\u00e3o pr\u00f3prio com a sociedade e o estado, atuando em defesa dos povos ind\u00edgenas do estado.<\/p>\n<p>Denominada de Uni\u00e3o dos Vereadores Ind\u00edgenas\u00a0 da Bahia, e constitu\u00edda por quinze vereadores do estado, a Uviba, surge com o prop\u00f3sito de fortalecer o movimento ind\u00edgena, as organiza\u00e7\u00f5es, o reconhecimento dos direitos, e garantia das pol\u00edticas p\u00fablica dos ind\u00edgenas.<\/p>\n<p>A iniciativa de cria\u00e7\u00e3o da organiza\u00e7\u00e3o dos vereadores ind\u00edgenas, foi do Instituto dos Povos Ind\u00edgenas da Bahia, atrav\u00e9s do coordenador de comunica\u00e7\u00e3o, o jornalista ind\u00edgena Walney Magno, que contou com o apoio do movimento unido dos povos ind\u00edgena da Bahia, Mupoiba.<\/p>\n<div id=\"attachment_144822\" style=\"width: 393px\" class=\"wp-caption aligncenter\"><img aria-describedby=\"caption-attachment-144822\" loading=\"lazy\" class=\" wp-image-144822\" src=\"http:\/\/www.blogdothame.blog.br\/v1\/wp-content\/uploads\/2022\/12\/jer-indios-2-300x133.jpg\" alt=\"\" width=\"383\" height=\"170\" srcset=\"https:\/\/www.blogdothame.blog.br\/v1\/wp-content\/uploads\/2022\/12\/jer-indios-2-300x133.jpg 300w, https:\/\/www.blogdothame.blog.br\/v1\/wp-content\/uploads\/2022\/12\/jer-indios-2.jpg 600w\" sizes=\"(max-width: 383px) 100vw, 383px\" \/><p id=\"caption-attachment-144822\" class=\"wp-caption-text\">A assembleia de constitui\u00e7\u00e3o da organiza\u00e7\u00e3o, aconteceu totalmente virtual, e contou com a participa\u00e7\u00e3o efetiva dos vereadores ind\u00edgenas.<\/p><\/div>\n<p>A assembleia foi realizada virtualmente, sobre o comando do vereador ind\u00edgena cacique Fl\u00e1vio Kaimb\u00e9, de Euclides da Cunha, que acabou sendo eleito como presidente da entidade, no firme prop\u00f3sito de assumir o protagonismo e o empoderamento, com a uni\u00e3o dos vereadores ind\u00edgenas de todo o estado \u201cnesse novo cen\u00e1rio pol\u00edtico em que vive a Bahia e Brasil, avan\u00e7aremos unidos, fortalecendo a visibilidade, e contribuindo nos processos de luta, pelas conquistas e garantia dos direitos de nosso povo\u201d, afirmou Fl\u00e1vio.<\/p>\n<p>Veja como ficou a composi\u00e7\u00e3o da entidade dos vereadores:\u00a0Cacique Fl\u00e1vio Kaimb\u00e9\u00a0\u2013 Euclides da Cunha-BA (Presidente);\u00a0Selma Concei\u00e7\u00e3o Santos\u00a0\u2013 Rodelas-(vice-presidente), e\u00a0Cl\u00e1udio Magalh\u00e3es\u00a0\u2013 Ilh\u00e9us-BA (Secret\u00e1rio).<\/p>\n<p>Os demais ind\u00edgenas membros da entidade, e seus respectivos munic\u00edpios s\u00e3o:\u00a0Beneildo Matos de Jesus\u00a0\u2013 Santa Cruz Cabr\u00e1lia-BA;\u00a0Edimar dos Santos Marinheiro \u2013\u00a0Abar\u00e9-BA;\u00a0Indiara Ferreira dos Passos \u2013\u00a0Santa Cruz Cabr\u00e1liaBA;\u00a0Ivani Maria da Silva\u00a0\u2013 Rodelas-BA;\u00a0Jonatan da Concei\u00e7\u00e3o Bahia \u2013\u00a0Pau-Brasil-BA;\u00a0Josaphat Silva Lemos \u2013\u00a0Mutuipe-BA;\u00a0Josimar Augusto Dos Santos\u00a0\u2013 Abar\u00e9-BA;\u00a0Sebasti\u00e3o Alcides dos Santos\u00a0-Abar\u00e9-BA;\u00a0Jos\u00e9 Concei\u00e7\u00e3o de Jesus (Zeca cacique)\u00a0\u2013 Prado-BA;\u00a0Pedro Gomes Marinheiro Junior \u2013\u00a0Abar\u00e9-BA;\u00a0Rita Soraia Pereira Alves \u2013\u00a0Santa Cruz Cabr\u00e1lia-BA, e\u00a0Vagner Martins dos Santos\u00a0de Itabela-BA.<\/p>\n<p>&nbsp;<\/p>\n","protected":false},"excerpt":{"rendered":"<p>Em assembleia realizada hoje (23), os vereadores ind\u00edgenas da Bahia criaram a primeira organiza\u00e7\u00e3o de vereadores ind\u00edgena do Brasil, com o objetivo de ser um canal de interlocu\u00e7\u00e3o pr\u00f3prio com a sociedade e o estado, atuando em defesa dos povos ind\u00edgenas do estado. Denominada de Uni\u00e3o dos Vereadores Ind\u00edgenas\u00a0 da Bahia, e constitu\u00edda por quinze [&hellip;]<\/p>\n","protected":false},"author":2,"featured_media":144824,"comment_status":"open","ping_status":"open","sticky":false,"template":"","format":"standard","meta":{"_links_to":"","_links_to_target":""},"categories":[1],"tags":[34419],"_links":{"self":[{"href":"https:\/\/www.blogdothame.blog.br\/v1\/wp-json\/wp\/v2\/posts\/144821"}],"collection":[{"href":"https:\/\/www.blogdothame.blog.br\/v1\/wp-json\/wp\/v2\/posts"}],"about":[{"href":"https:\/\/www.blogdothame.blog.br\/v1\/wp-json\/wp\/v2\/types\/post"}],"author":[{"embeddable":true,"href":"https:\/\/www.blogdothame.blog.br\/v1\/wp-json\/wp\/v2\/users\/2"}],"replies":[{"embeddable":true,"href":"https:\/\/www.blogdothame.blog.br\/v1\/wp-json\/wp\/v2\/comments?post=144821"}],"version-history":[{"count":1,"href":"https:\/\/www.blogdothame.blog.br\/v1\/wp-json\/wp\/v2\/posts\/144821\/revisions"}],"predecessor-version":[{"id":144825,"href":"https:\/\/www.blogdothame.blog.br\/v1\/wp-json\/wp\/v2\/posts\/144821\/revisions\/144825"}],"wp:featuredmedia":[{"embeddable":true,"href":"https:\/\/www.blogdothame.blog.br\/v1\/wp-json\/wp\/v2\/media\/144824"}],"wp:attachment":[{"href":"https:\/\/www.blogdothame.blog.br\/v1\/wp-json\/wp\/v2\/media?parent=144821"}],"wp:term":[{"taxonomy":"category","embeddable":true,"href":"https:\/\/www.blogdothame.blog.br\/v1\/wp-json\/wp\/v2\/categories?post=144821"},{"taxonomy":"post_tag","embeddable":true,"href":"https:\/\/www.blogdothame.blog.br\/v1\/wp-json\/wp\/v2\/tags?post=144821"}],"curies":[{"name":"wp","href":"https:\/\/api.w.org\/{rel}","templated":true}]}}