{"id":144797,"date":"2022-12-24T07:33:54","date_gmt":"2022-12-24T10:33:54","guid":{"rendered":"http:\/\/www.blogdothame.blog.br\/v1\/?p=144797"},"modified":"2022-12-23T14:42:12","modified_gmt":"2022-12-23T17:42:12","slug":"e-natal-tempo-de-bondade-e-esperanca","status":"publish","type":"post","link":"https:\/\/www.blogdothame.blog.br\/v1\/2022\/12\/24\/e-natal-tempo-de-bondade-e-esperanca\/","title":{"rendered":"\u00c9 Natal, tempo de bondade e esperan\u00e7a"},"content":{"rendered":"<p><img loading=\"lazy\" class=\"size-full wp-image-144800\" src=\"http:\/\/www.blogdothame.blog.br\/v1\/wp-content\/uploads\/2022\/12\/natal-walmir.jpg\" alt=\"\" width=\"400\" height=\"253\" srcset=\"https:\/\/www.blogdothame.blog.br\/v1\/wp-content\/uploads\/2022\/12\/natal-walmir.jpg 400w, https:\/\/www.blogdothame.blog.br\/v1\/wp-content\/uploads\/2022\/12\/natal-walmir-300x190.jpg 300w\" sizes=\"(max-width: 400px) 100vw, 400px\" \/><\/p>\n<p>&nbsp;<\/p>\n<p style=\"text-align: right;\"><strong>Walmir Ros\u00e1rio<\/strong><\/p>\n<p><img loading=\"lazy\" class=\"alignright size-thumbnail wp-image-144798\" src=\"http:\/\/www.blogdothame.blog.br\/v1\/wp-content\/uploads\/2022\/12\/Walmir-Rosario-2-150x150.jpg\" alt=\"\" width=\"150\" height=\"150\" \/>O mundo crist\u00e3o comemora ao final de cada ano o nascimento de Jesus Cristo. Neste per\u00edodo as pessoas se transformam e os cora\u00e7\u00f5es transbordam felicidade, bondade e esperan\u00e7a, e porque n\u00e3o dizer caridade. Bom, esse \u00e9 o sentimento interno que sente cada pessoa, cada fam\u00edlia, cada grupo, cada sociedade. Mesmo que n\u00e3o sejam cat\u00f3licos, melhor dizendo, crist\u00e3os, esse sentimento aflora, desabrocha.<\/p>\n<p>Mas como nem tudo \u00e9 perfeito \u2013 ou, pelo menos, un\u00e2nime \u2013, alguns grupos sociais n\u00e3o t\u00eam esse mesmo sentimento, pois algumas das muitas denomina\u00e7\u00f5es de religi\u00f5es crist\u00e3s simplesmente desconhecem o calend\u00e1rio, como dizem eles, forjado pela Igreja Cat\u00f3lica. J\u00e1 entre agn\u00f3sticos e ateus, o Natal \u00e9 visto por muitos como um tempo de comemora\u00e7\u00e3o entre fam\u00edlia, apenas por tradi\u00e7\u00e3o. E as festividades atravessam os anos, mil\u00eanios.<\/p>\n<p>Seria muito bom que o sentimento natalino se perpetuasse\u00a0per omnia saecula saeculorum. Bom mesmo seria que se estendesse por todos os dias do ano, propiciando uma sociedade mais justa, mais humana. Sim, pois cada ser humano que vem ao mundo tem direito a ser feliz em sua plenitude. Nada mais justo, embora a felicidade tenha que ser sonhada, buscada por cada um de n\u00f3s.<\/p>\n<p><!--more--><\/p>\n<p>Penso que a felicidade \u00e9 encarada de forma diferente por cada um de n\u00f3s, com nossos desejos particulares, sejam eles espirituais, materiais. As escalas tamb\u00e9m s\u00e3o distintas, haja vista os sentimentos e desejos individuais. E j\u00e1 que estamos falando da natividade de Jesus Cristo, podemos citar um ditado corrente na boca do povo: \u201cO pouco com Deus \u00e9 muito e o muito sem Deus \u00e9 nada\u201d.<\/p>\n<p>H\u00e1, ainda, os que tentam desclassificar o Natal pelo consumismo, alardeando que a data foi transformada numa festa das vendas, desvirtuada do sentido espiritual pela gan\u00e2ncia do mercado. Penso que esta \u00e9 outra fal\u00e1cia, pois, por mais modesto que seja o ser humano, ter o poder de compra \u00e9 uma realidade do mundo em que vivemos, desde que o consumo seja equilibrado \u00e0s posses de cada pessoa.<\/p>\n<p>Ora, pra que trabalhamos? Para termos uma vida decente, oferecendo aos nossos o bem-estar. Comer bem, morar bem, ter direito ao lazer, fazem parte de nossos h\u00e1bitos de vida desde nossa inf\u00e2ncia. Nada melhor do que chegar ao fim do ano e poder utilizar o nosso sal\u00e1rio, incluindo, a\u00ed, o d\u00e9cimo terceiro, para nos presentear com uma roupa nova, bens dur\u00e1veis para casa, uma ceia diferente.<\/p>\n<p>O mundo em que vivemos pode ser simples ou complicado, a depender do que queremos. As facilidades s\u00e3o criadas por n\u00f3s, bem como as dificuldades. Elas est\u00e3o inseridas em nossas cabe\u00e7as, guardadas em nossos cora\u00e7\u00f5es, nas a\u00e7\u00f5es do nosso dia a dia. N\u00f3s somos arquitetos do nosso modo de ser, planejando e privilegiando o fazer dos desejos e aspira\u00e7\u00f5es. O resultado depende da sabedoria acumulada por cada um.<\/p>\n<p>No dia a dia temos que saber vislumbrar as armadilhas e saber desmont\u00e1-las com sabedoria. Nada mais simples e did\u00e1tico do que viver de acordo com o que somos, o que podemos. J\u00e1 dizia o evangelista Mateus: \u201cA cada dia sua agonia\u201d. Num conceito mais simpl\u00f3rio, as dificuldades existem e devem ser superadas, cada uma por vez, pois novas certamente vir\u00e3o e dever\u00e3o ser combatidas a seu tempo.<\/p>\n<p>Melhor seria que o esp\u00edrito natalino extrapolasse o fim de cada ano, ultrapassasse as confraterniza\u00e7\u00f5es com os amigos e colegas, as comemora\u00e7\u00f5es de nossas casas, a Missa Galo na Igreja Cat\u00f3lica, os cultos nas demais igrejas. Que esse sentimento perdure em nossos cora\u00e7\u00f5es, fazendo dele a\u00e7\u00f5es de gra\u00e7as cotidianas e rotineiras. N\u00e3o \u00e9 preciso gastar o escasso dinheiro para isso, para tanto, bastam gestos de amor e carinho.<\/p>\n<p>Vivamos em paz com n\u00f3s mesmos, que tudo ser\u00e1 mais f\u00e1cil e descomplicado com nossos semelhantes. Se respeitarmos o esp\u00edrito natalino, poderemos fazer com que ele contagie nossos semelhantes, como um fermento que provoque o crescimento da bondade que temos em n\u00f3s e nem sempre nos damos conta que ela existe e que poder\u00e1 ser multiplicada atrav\u00e9s de gestos singelos.<\/p>\n<p>N\u00e3o nos esque\u00e7amos que Jesus Cristo nasceu numa manjedoura e se tornou rico de amor e bondade. Eternamente, Viva o Natal!<\/p>\n<p>&#8212;<\/p>\n<p>Walmir\u00a0 Ros\u00e1rio \u00e9 radialista, jornalista e advogado<\/p>\n<p>&nbsp;<\/p>\n","protected":false},"excerpt":{"rendered":"<p>&nbsp; Walmir Ros\u00e1rio O mundo crist\u00e3o comemora ao final de cada ano o nascimento de Jesus Cristo. Neste per\u00edodo as pessoas se transformam e os cora\u00e7\u00f5es transbordam felicidade, bondade e esperan\u00e7a, e porque n\u00e3o dizer caridade. Bom, esse \u00e9 o sentimento interno que sente cada pessoa, cada fam\u00edlia, cada grupo, cada sociedade. Mesmo que n\u00e3o [&hellip;]<\/p>\n","protected":false},"author":2,"featured_media":144800,"comment_status":"open","ping_status":"open","sticky":false,"template":"","format":"standard","meta":{"_links_to":"","_links_to_target":""},"categories":[33435],"tags":[34415,24997,1318,1077],"_links":{"self":[{"href":"https:\/\/www.blogdothame.blog.br\/v1\/wp-json\/wp\/v2\/posts\/144797"}],"collection":[{"href":"https:\/\/www.blogdothame.blog.br\/v1\/wp-json\/wp\/v2\/posts"}],"about":[{"href":"https:\/\/www.blogdothame.blog.br\/v1\/wp-json\/wp\/v2\/types\/post"}],"author":[{"embeddable":true,"href":"https:\/\/www.blogdothame.blog.br\/v1\/wp-json\/wp\/v2\/users\/2"}],"replies":[{"embeddable":true,"href":"https:\/\/www.blogdothame.blog.br\/v1\/wp-json\/wp\/v2\/comments?post=144797"}],"version-history":[{"count":1,"href":"https:\/\/www.blogdothame.blog.br\/v1\/wp-json\/wp\/v2\/posts\/144797\/revisions"}],"predecessor-version":[{"id":144801,"href":"https:\/\/www.blogdothame.blog.br\/v1\/wp-json\/wp\/v2\/posts\/144797\/revisions\/144801"}],"wp:featuredmedia":[{"embeddable":true,"href":"https:\/\/www.blogdothame.blog.br\/v1\/wp-json\/wp\/v2\/media\/144800"}],"wp:attachment":[{"href":"https:\/\/www.blogdothame.blog.br\/v1\/wp-json\/wp\/v2\/media?parent=144797"}],"wp:term":[{"taxonomy":"category","embeddable":true,"href":"https:\/\/www.blogdothame.blog.br\/v1\/wp-json\/wp\/v2\/categories?post=144797"},{"taxonomy":"post_tag","embeddable":true,"href":"https:\/\/www.blogdothame.blog.br\/v1\/wp-json\/wp\/v2\/tags?post=144797"}],"curies":[{"name":"wp","href":"https:\/\/api.w.org\/{rel}","templated":true}]}}