{"id":144738,"date":"2022-12-24T10:13:10","date_gmt":"2022-12-24T13:13:10","guid":{"rendered":"http:\/\/www.blogdothame.blog.br\/v1\/?p=144738"},"modified":"2022-12-22T16:54:14","modified_gmt":"2022-12-22T19:54:14","slug":"natal-com-arte","status":"publish","type":"post","link":"https:\/\/www.blogdothame.blog.br\/v1\/2022\/12\/24\/natal-com-arte\/","title":{"rendered":"Natal com Arte"},"content":{"rendered":"<div>Nessa semana por todos os lugares, celebram o Natal! Uma festa familiar, religiosa, para alguns em meio a multid\u00e3o, outros em pequenos grupos e outros sozinhos, mas \u00e9 noite de Natal. Se acompanhado ou s\u00f3, com fartura ou n\u00e3o, o mais importante \u00e9 que nossas aten\u00e7\u00f5es estejam voltadas a Jesus Cristo que nos foi dado por Deus. Ao celebrarmos o natal, que a preciosa afirma\u00e7\u00e3o do anjo seja uma verdade a cada um de n\u00f3s: \u201cHOJE, NA CIDADE DE DAVI, VOS NASCEU CRISTO, O SENHOR\u201d!<\/div>\n<p dir=\"ltr\">Em meio a esse esp\u00edrito natalino, apresentamos como forma de manifesta\u00e7\u00e3o art\u00edstica, obras que reportam ao tema, num banquete de talento, inspira\u00e7\u00e3o, criatividade e amor pela arte. \u00c9 para voc\u00ea que nos acompanha e apoia. Deixo aqui minha gratid\u00e3o ao Daniel Thame por essa caminhada de apoio a todos n\u00f3s artistas pl\u00e1sticos.<\/p>\n<p dir=\"ltr\">Artista: LUCIANE YAHWEH, artista de Passa Quatro\/Mg<\/p>\n<p dir=\"ltr\">T\u00edtulo: &#8220;PRES\u00c9PIO&#8221;<\/p>\n<p dir=\"ltr\">T\u00e9cnica: Acr\u00edlico no Canson<\/p>\n<p dir=\"ltr\">Contato: @atelie_lucianeyahweh<\/p>\n<p dir=\"ltr\"><img loading=\"lazy\" class=\"aligncenter size-medium wp-image-144739\" src=\"http:\/\/www.blogdothame.blog.br\/v1\/wp-content\/uploads\/2022\/12\/lu-natal-1-229x300.jpg\" alt=\"\" width=\"229\" height=\"300\" srcset=\"https:\/\/www.blogdothame.blog.br\/v1\/wp-content\/uploads\/2022\/12\/lu-natal-1-229x300.jpg 229w, https:\/\/www.blogdothame.blog.br\/v1\/wp-content\/uploads\/2022\/12\/lu-natal-1.jpg 427w\" sizes=\"(max-width: 229px) 100vw, 229px\" \/><\/p>\n<p dir=\"ltr\">FAUSTO RODRIGUES, artista de Americana\/SP, tamb\u00e9m deixa a sua homenagem<\/p>\n<p dir=\"ltr\">\u00a0em forma de arte e a seguinte\u00a0 mensagem para todos:<\/p>\n<p dir=\"ltr\">Sugest\u00f5es de presentes para o Natal:<\/p>\n<p dir=\"ltr\">Para seu inimigo, perd\u00e3o.<\/p>\n<p dir=\"ltr\">Para um oponente, toler\u00e2ncia.<\/p>\n<p dir=\"ltr\">Para um amigo, seu cora\u00e7\u00e3o.<\/p>\n<p dir=\"ltr\">Para um cliente, servi\u00e7o.<\/p>\n<p dir=\"ltr\">Para tudo, caridade.<\/p>\n<p dir=\"ltr\">Para toda crian\u00e7a, um exemplo bom.<\/p>\n<p dir=\"ltr\">Para voc\u00ea, respeito.<\/p>\n<p dir=\"ltr\">(Oren Arnold)<\/p>\n<p dir=\"ltr\">T\u00e9cnica: Aquarela<\/p>\n<p dir=\"ltr\">Contato: @fautoarteiro<\/p>\n<p dir=\"ltr\"><img loading=\"lazy\" class=\"aligncenter wp-image-144740\" src=\"http:\/\/www.blogdothame.blog.br\/v1\/wp-content\/uploads\/2022\/12\/lu-natal-2-136x300.jpg\" alt=\"\" width=\"181\" height=\"399\" \/><\/p>\n<p dir=\"ltr\">REGINA SGANZERLA, artista pl\u00e1stica de Cafel\u00e2ndia\/Pr deixa sua homenagem em forma de arte e uma mensagem para todos os apoiadores da Arte.<\/p>\n<p dir=\"ltr\">Feliz Natal&#8230;<\/p>\n<p dir=\"ltr\">Que Jesus traga neste Natal amor e paz a todos os cora\u00e7\u00f5es.<\/p>\n<p dir=\"ltr\">Que\u00a0 Jesus nos inspire e que a vida seja um renascer cheio de cor e felicidade que os artistas possam fazer da arte motivo reflex\u00e3o, paz, alegria e amor nas suas obras .<\/p>\n<p dir=\"ltr\">\u00c9 o que eu desejo de cora\u00e7\u00e3o.<\/p>\n<p dir=\"ltr\">Agrade\u00e7o a todos que apoiam e nos ajudam a divulgar nossas artes &#8230; especialmente a Luciane Yahweh e a Daniel Thame que est\u00e3o sempre valorizando os artistas Deus os aben\u00e7oe.<\/p>\n<p dir=\"ltr\">Feliz Natal e Pr\u00f3spero Ano Novo.<\/p>\n<p dir=\"ltr\">(Regina Sganzerla)<\/p>\n<p dir=\"ltr\">T\u00e9cnica: Pontilhismo<\/p>\n<p dir=\"ltr\"><img loading=\"lazy\" class=\"aligncenter size-medium wp-image-144741\" src=\"http:\/\/www.blogdothame.blog.br\/v1\/wp-content\/uploads\/2022\/12\/lu-natal-3-241x300.jpg\" alt=\"\" width=\"241\" height=\"300\" srcset=\"https:\/\/www.blogdothame.blog.br\/v1\/wp-content\/uploads\/2022\/12\/lu-natal-3-241x300.jpg 241w, https:\/\/www.blogdothame.blog.br\/v1\/wp-content\/uploads\/2022\/12\/lu-natal-3.jpg 279w\" sizes=\"(max-width: 241px) 100vw, 241px\" \/><\/p>\n<p dir=\"ltr\">VERA RITTER, artista de Cascavel\/Pr deixa sua homenagem em forma de arte e uma mensagem para todos:<\/p>\n<p dir=\"ltr\">\u201cCom mais um ano de trabalho chegando ao fim,<\/p>\n<p dir=\"ltr\">Eu desejo\u00a0 que\u00a0 nosso\u00a0 natal seja\u00a0 cheio de alegria,<\/p>\n<p dir=\"ltr\">harmonia e tudo o que\u00a0 nossa caixinha\u00a0 de sonhos<\/p>\n<p dir=\"ltr\">nos faz\u00a0 acreditar.<\/p>\n<p dir=\"ltr\">Feliz Natal ao Thame, Luciane e artistas que aqui<\/p>\n<p dir=\"ltr\">\u00a0embelezaram as p\u00e1ginas.\u201d<\/p>\n<p dir=\"ltr\">(Vera Ritter)<\/p>\n<p dir=\"ltr\">T\u00e9cnica: desenho<\/p>\n<p dir=\"ltr\">Contato: @veraritterart<\/p>\n<p dir=\"ltr\"><img loading=\"lazy\" class=\"aligncenter size-medium wp-image-144742\" src=\"http:\/\/www.blogdothame.blog.br\/v1\/wp-content\/uploads\/2022\/12\/lu-natal-4-220x300.jpg\" alt=\"\" width=\"220\" height=\"300\" srcset=\"https:\/\/www.blogdothame.blog.br\/v1\/wp-content\/uploads\/2022\/12\/lu-natal-4-220x300.jpg 220w, https:\/\/www.blogdothame.blog.br\/v1\/wp-content\/uploads\/2022\/12\/lu-natal-4.jpg 376w\" sizes=\"(max-width: 220px) 100vw, 220px\" \/><\/p>\n<p dir=\"ltr\">Magno Ribeiro, artista de S\u00e3o Paulo, participa desta Celebra\u00e7\u00e3o de Natal com arte com o trabalho abaixo:<\/p>\n<p dir=\"ltr\">T\u00edtulo: Tempo Dele<\/p>\n<p dir=\"ltr\">Contato: @gnoribeiro<\/p>\n<p dir=\"ltr\"><img loading=\"lazy\" class=\"aligncenter size-full wp-image-144743\" src=\"http:\/\/www.blogdothame.blog.br\/v1\/wp-content\/uploads\/2022\/12\/lu-natal-5.jpg\" alt=\"\" width=\"295\" height=\"296\" srcset=\"https:\/\/www.blogdothame.blog.br\/v1\/wp-content\/uploads\/2022\/12\/lu-natal-5.jpg 295w, https:\/\/www.blogdothame.blog.br\/v1\/wp-content\/uploads\/2022\/12\/lu-natal-5-150x150.jpg 150w\" sizes=\"(max-width: 295px) 100vw, 295px\" \/><\/p>\n<p dir=\"ltr\">\u201cEstamos vivendo no tempo Dele, n\u00e3o \u00e9 papai noel, presentes, banquetes ou enfeites que fazem do Natal uma celebra\u00e7\u00e3o completa. Se Jesus n\u00e3o estiver na mente e no cora\u00e7\u00e3o\u00a0 de cada um de n\u00f3s, n\u00e3o \u00e9 natal, \u00e9 apenas uma festa, sem seu verdadeiro sentido.\u201d<\/p>\n<p dir=\"ltr\">WALDOMIRO ABBONDANZA, artista de Ribeir\u00e3o Preto\/Sp tamb\u00e9m deixa sua homenagem em forma de arte e sua mensagem a todos.<\/p>\n<p dir=\"ltr\">\u201cPara nossa salva\u00e7\u00e3o, o menino<\/p>\n<p dir=\"ltr\">Deus habitou entre n\u00f3s, \u00c9 Natal\u201d.<\/p>\n<p dir=\"ltr\">(Waldomiro Abbondanza)<\/p>\n<p dir=\"ltr\">T\u00e9cnica: Mista<\/p>\n<p dir=\"ltr\">Contato: @waldomiroabbondanza<\/p>\n<p dir=\"ltr\">,<\/p>\n<p dir=\"ltr\"><img loading=\"lazy\" class=\"aligncenter size-medium wp-image-144745\" src=\"http:\/\/www.blogdothame.blog.br\/v1\/wp-content\/uploads\/2022\/12\/lu-natal-6-225x300.jpg\" alt=\"\" width=\"225\" height=\"300\" srcset=\"https:\/\/www.blogdothame.blog.br\/v1\/wp-content\/uploads\/2022\/12\/lu-natal-6-225x300.jpg 225w, https:\/\/www.blogdothame.blog.br\/v1\/wp-content\/uploads\/2022\/12\/lu-natal-6-768x1024.jpg 768w, https:\/\/www.blogdothame.blog.br\/v1\/wp-content\/uploads\/2022\/12\/lu-natal-6.jpg 960w\" sizes=\"(max-width: 225px) 100vw, 225px\" \/><\/p>\n<p dir=\"ltr\">CARMEM MOREIRA, mais uma talentosa artista pl\u00e1stica que deixa para n\u00f3s em forma de arte, seu desejo de um Feliz Natal!<\/p>\n<p dir=\"ltr\">T\u00e9cnica: \u00d3leo sob tela<\/p>\n<p dir=\"ltr\">Contato: @carmem_silvia_moreira<\/p>\n<p dir=\"ltr\"><img loading=\"lazy\" class=\"aligncenter size-medium wp-image-144747\" src=\"http:\/\/www.blogdothame.blog.br\/v1\/wp-content\/uploads\/2022\/12\/lu-natal-7-253x300.jpg\" alt=\"\" width=\"253\" height=\"300\" srcset=\"https:\/\/www.blogdothame.blog.br\/v1\/wp-content\/uploads\/2022\/12\/lu-natal-7-253x300.jpg 253w, https:\/\/www.blogdothame.blog.br\/v1\/wp-content\/uploads\/2022\/12\/lu-natal-7.jpg 720w\" sizes=\"(max-width: 253px) 100vw, 253px\" \/><\/p>\n<p dir=\"ltr\">\u201cMaria, serva de Deus por excel\u00eancia, a bendita entre todas as mulheres e o ser humano mais sublime por ter sido escolhida pelo pr\u00f3prio Deus para ser a genitora do Salvador Jesus Cristo. Nosso exemplo de submiss\u00e3o, obedi\u00eancia e temor a Deus.<\/p>\n<p dir=\"ltr\">O canal usado por Deus para que o natal tivesse sentido.\u201d<\/p>\n<p dir=\"ltr\">ALCIONY MENEGAZ, artista de Ribeir\u00e3o Preto\/Sp tamb\u00e9m nos deixa essa linda homenagem, n\u00e3o em forma de pintura,embora tamb\u00e9m tenha muito talento, mas em\u00a0 forma de uma linda interpreta\u00e7\u00e3o da m\u00fasica \u201cNOITE AZUL\u201d de\u00a0Orestes Barbosa e arranjo de\u00a0Francis Monteiro.<\/p>\n<p dir=\"ltr\"><a href=\"https:\/\/youtu.be\/4vcJQMGUq3w\" target=\"_blank\" rel=\"nofollow noopener\" data-saferedirecturl=\"https:\/\/www.google.com\/url?q=https:\/\/youtu.be\/4vcJQMGUq3w&amp;source=gmail&amp;ust=1671820417899000&amp;usg=AOvVaw1mMxGyuAm2o_eAUWp4axD7\">https:\/\/youtu.be\/4vcJQMGUq3w<\/a><\/p>\n<p dir=\"ltr\">\u00a0\u00a0\u00a0\u00a0\u00a0\u00a0\u00a0\u00a0\u00a0\u00a0\u00a0\u00a0\u00a0\u00a0\u00a0\u00a0\u00a0\u00a0\u00a0Isso \u00e9 Natal com Arte!<\/p>\n<p dir=\"ltr\"><img loading=\"lazy\" class=\"aligncenter size-medium wp-image-144748\" src=\"http:\/\/www.blogdothame.blog.br\/v1\/wp-content\/uploads\/2022\/12\/lu-natal-8-300x169.jpg\" alt=\"\" width=\"300\" height=\"169\" srcset=\"https:\/\/www.blogdothame.blog.br\/v1\/wp-content\/uploads\/2022\/12\/lu-natal-8-300x169.jpg 300w, https:\/\/www.blogdothame.blog.br\/v1\/wp-content\/uploads\/2022\/12\/lu-natal-8-1024x577.jpg 1024w, https:\/\/www.blogdothame.blog.br\/v1\/wp-content\/uploads\/2022\/12\/lu-natal-8-768x432.jpg 768w, https:\/\/www.blogdothame.blog.br\/v1\/wp-content\/uploads\/2022\/12\/lu-natal-8-1536x865.jpg 1536w, https:\/\/www.blogdothame.blog.br\/v1\/wp-content\/uploads\/2022\/12\/lu-natal-8.jpg 1600w\" sizes=\"(max-width: 300px) 100vw, 300px\" \/><\/p>\n<p><iframe loading=\"lazy\" title=\"Noite Azul - Alciony Menegaz\" src=\"https:\/\/www.youtube.com\/embed\/4vcJQMGUq3w\" width=\"560\" height=\"315\" frameborder=\"0\" allowfullscreen=\"allowfullscreen\"><\/iframe><\/p>\n","protected":false},"excerpt":{"rendered":"<p>Nessa semana por todos os lugares, celebram o Natal! Uma festa familiar, religiosa, para alguns em meio a multid\u00e3o, outros em pequenos grupos e outros sozinhos, mas \u00e9 noite de Natal. Se acompanhado ou s\u00f3, com fartura ou n\u00e3o, o mais importante \u00e9 que nossas aten\u00e7\u00f5es estejam voltadas a Jesus Cristo que nos foi dado [&hellip;]<\/p>\n","protected":false},"author":2,"featured_media":144739,"comment_status":"open","ping_status":"open","sticky":false,"template":"","format":"standard","meta":{"_links_to":"","_links_to_target":""},"categories":[33432],"tags":[5755,28339,1318],"_links":{"self":[{"href":"https:\/\/www.blogdothame.blog.br\/v1\/wp-json\/wp\/v2\/posts\/144738"}],"collection":[{"href":"https:\/\/www.blogdothame.blog.br\/v1\/wp-json\/wp\/v2\/posts"}],"about":[{"href":"https:\/\/www.blogdothame.blog.br\/v1\/wp-json\/wp\/v2\/types\/post"}],"author":[{"embeddable":true,"href":"https:\/\/www.blogdothame.blog.br\/v1\/wp-json\/wp\/v2\/users\/2"}],"replies":[{"embeddable":true,"href":"https:\/\/www.blogdothame.blog.br\/v1\/wp-json\/wp\/v2\/comments?post=144738"}],"version-history":[{"count":3,"href":"https:\/\/www.blogdothame.blog.br\/v1\/wp-json\/wp\/v2\/posts\/144738\/revisions"}],"predecessor-version":[{"id":144750,"href":"https:\/\/www.blogdothame.blog.br\/v1\/wp-json\/wp\/v2\/posts\/144738\/revisions\/144750"}],"wp:featuredmedia":[{"embeddable":true,"href":"https:\/\/www.blogdothame.blog.br\/v1\/wp-json\/wp\/v2\/media\/144739"}],"wp:attachment":[{"href":"https:\/\/www.blogdothame.blog.br\/v1\/wp-json\/wp\/v2\/media?parent=144738"}],"wp:term":[{"taxonomy":"category","embeddable":true,"href":"https:\/\/www.blogdothame.blog.br\/v1\/wp-json\/wp\/v2\/categories?post=144738"},{"taxonomy":"post_tag","embeddable":true,"href":"https:\/\/www.blogdothame.blog.br\/v1\/wp-json\/wp\/v2\/tags?post=144738"}],"curies":[{"name":"wp","href":"https:\/\/api.w.org\/{rel}","templated":true}]}}