{"id":143965,"date":"2022-12-05T12:13:52","date_gmt":"2022-12-05T15:13:52","guid":{"rendered":"http:\/\/www.blogdothame.blog.br\/v1\/?p=143965"},"modified":"2022-12-05T11:38:23","modified_gmt":"2022-12-05T14:38:23","slug":"chocolates-natucoa-abrem-novos-mercados-na-europa","status":"publish","type":"post","link":"https:\/\/www.blogdothame.blog.br\/v1\/2022\/12\/05\/chocolates-natucoa-abrem-novos-mercados-na-europa\/","title":{"rendered":"Chocolates Natucoa abrem novos  mercados na Europa"},"content":{"rendered":"<p style=\"text-align: center;\"><strong>Marca sulbaiana marcou presen\u00e7a em feiras do chocolate em Portugal, Fran\u00e7a e It\u00e1lia<\/strong><\/p>\n<p><img loading=\"lazy\" class=\"aligncenter wp-image-143966\" src=\"http:\/\/www.blogdothame.blog.br\/v1\/wp-content\/uploads\/2022\/12\/natucoa-europa-6.jpg\" alt=\"\" width=\"430\" height=\"323\" srcset=\"https:\/\/www.blogdothame.blog.br\/v1\/wp-content\/uploads\/2022\/12\/natucoa-europa-6.jpg 640w, https:\/\/www.blogdothame.blog.br\/v1\/wp-content\/uploads\/2022\/12\/natucoa-europa-6-300x225.jpg 300w\" sizes=\"(max-width: 430px) 100vw, 430px\" \/><\/p>\n<p>Produzidos pela Cooperativa de Servi\u00e7os Sustent\u00e1veis da Bahia (Coopessba), sediada em Ilh\u00e9us, no Sul da Bahia, os\u00a0 chocolates Natucoa est\u00e3o conquistando novos mercados e tem planos de chegar aos consumidores europeus com a instala\u00e7\u00e3o de pontos de venda em v\u00e1rios pa\u00edses a partir de 2023.<\/p>\n<p>&nbsp;<\/p>\n<p><img loading=\"lazy\" class=\"alignleft size-full wp-image-143967\" src=\"http:\/\/www.blogdothame.blog.br\/v1\/wp-content\/uploads\/2022\/12\/natucoa-europa-5.jpg\" alt=\"\" width=\"284\" height=\"212\" \/>Recentemente, o diretor comercial da Natucoa, Rog\u00e9rio Assun\u00e7\u00e3o, esteve na Europa, onde levou a marca sulbaiana a grandes eventos do chocolate.<\/p>\n<p>&nbsp;<\/p>\n<p>A primeira parada foi em Vila Nova de Gaia-Porto, onde a Natucoa marcou presen\u00e7a no WOW, Chocolat Portugal, a primeira vers\u00e3o europeia do Festival Internacional do Cacau e do Chocolate, lan\u00e7ada em Ilh\u00e9us pelo empreendedor Marco Lessa e que j\u00e1 tem edi\u00e7\u00f5es brasileiras em Salvador, S\u00e3o Paulo, Bel\u00e9m, Altamira e Linhares.<\/p>\n<p>&nbsp;<\/p>\n<p>Vejam o texto completo em<\/p>\n<p>&nbsp;<\/p>\n<p><a href=\"http:\/\/www.cacauechocolate.com.br\">www.cacauechocolate.com.br<\/a><\/p>\n","protected":false},"excerpt":{"rendered":"<p>Marca sulbaiana marcou presen\u00e7a em feiras do chocolate em Portugal, Fran\u00e7a e It\u00e1lia Produzidos pela Cooperativa de Servi\u00e7os Sustent\u00e1veis da Bahia (Coopessba), sediada em Ilh\u00e9us, no Sul da Bahia, os\u00a0 chocolates Natucoa est\u00e3o conquistando novos mercados e tem planos de chegar aos consumidores europeus com a instala\u00e7\u00e3o de pontos de venda em v\u00e1rios pa\u00edses a [&hellip;]<\/p>\n","protected":false},"author":2,"featured_media":143966,"comment_status":"open","ping_status":"open","sticky":false,"template":"","format":"standard","meta":{"_links_to":"","_links_to_target":""},"categories":[33432],"tags":[34283,835,257,785,649,185],"_links":{"self":[{"href":"https:\/\/www.blogdothame.blog.br\/v1\/wp-json\/wp\/v2\/posts\/143965"}],"collection":[{"href":"https:\/\/www.blogdothame.blog.br\/v1\/wp-json\/wp\/v2\/posts"}],"about":[{"href":"https:\/\/www.blogdothame.blog.br\/v1\/wp-json\/wp\/v2\/types\/post"}],"author":[{"embeddable":true,"href":"https:\/\/www.blogdothame.blog.br\/v1\/wp-json\/wp\/v2\/users\/2"}],"replies":[{"embeddable":true,"href":"https:\/\/www.blogdothame.blog.br\/v1\/wp-json\/wp\/v2\/comments?post=143965"}],"version-history":[{"count":1,"href":"https:\/\/www.blogdothame.blog.br\/v1\/wp-json\/wp\/v2\/posts\/143965\/revisions"}],"predecessor-version":[{"id":143968,"href":"https:\/\/www.blogdothame.blog.br\/v1\/wp-json\/wp\/v2\/posts\/143965\/revisions\/143968"}],"wp:featuredmedia":[{"embeddable":true,"href":"https:\/\/www.blogdothame.blog.br\/v1\/wp-json\/wp\/v2\/media\/143966"}],"wp:attachment":[{"href":"https:\/\/www.blogdothame.blog.br\/v1\/wp-json\/wp\/v2\/media?parent=143965"}],"wp:term":[{"taxonomy":"category","embeddable":true,"href":"https:\/\/www.blogdothame.blog.br\/v1\/wp-json\/wp\/v2\/categories?post=143965"},{"taxonomy":"post_tag","embeddable":true,"href":"https:\/\/www.blogdothame.blog.br\/v1\/wp-json\/wp\/v2\/tags?post=143965"}],"curies":[{"name":"wp","href":"https:\/\/api.w.org\/{rel}","templated":true}]}}