{"id":143896,"date":"2022-12-02T11:30:59","date_gmt":"2022-12-02T14:30:59","guid":{"rendered":"http:\/\/www.blogdothame.blog.br\/v1\/?p=143896"},"modified":"2022-12-02T10:45:50","modified_gmt":"2022-12-02T13:45:50","slug":"estudantes-do-curso-de-comunicacao-social-da-uesc-sao-aprovados-no-projeto-do-canal-futura","status":"publish","type":"post","link":"https:\/\/www.blogdothame.blog.br\/v1\/2022\/12\/02\/estudantes-do-curso-de-comunicacao-social-da-uesc-sao-aprovados-no-projeto-do-canal-futura\/","title":{"rendered":"Estudantes do curso de Comunica\u00e7\u00e3o Social da UESC s\u00e3o aprovados no projeto do Canal Futura"},"content":{"rendered":"<p><img loading=\"lazy\" class=\"alignleft size-full wp-image-123891\" src=\"http:\/\/www.blogdothame.blog.br\/v1\/wp-content\/uploads\/2021\/09\/TV-Uesc.jpg\" alt=\"\" width=\"287\" height=\"288\" srcset=\"https:\/\/www.blogdothame.blog.br\/v1\/wp-content\/uploads\/2021\/09\/TV-Uesc.jpg 287w, https:\/\/www.blogdothame.blog.br\/v1\/wp-content\/uploads\/2021\/09\/TV-Uesc-150x150.jpg 150w\" sizes=\"(max-width: 287px) 100vw, 287px\" \/>O Canal Futura, em parceria com a Funda\u00e7\u00e3o Roberto Marinho e com universidades de todo Brasil, realiza o Gera\u00e7\u00e3o Futura Juventudes com o objetivo de levar estudantes para realizar oficinas de forma\u00e7\u00e3o audiovisual no Rio de Janeiro e conhecer os bastidores da produ\u00e7\u00e3o da emissora.<\/p>\n<p>&nbsp;<\/p>\n<p>Anualmente s\u00e3o selecionados jovens do curso de Comunica\u00e7\u00e3o Social da Universidade Estadual de Santa Cruz (Uesc) e, neste ano, Dandara Galdino (5 semestre) e Natan Ramos (7 semestre) foram escolhidos para representar a Universidade na 17\u00aa edi\u00e7\u00e3o do projeto. No total s\u00e3o 36 estudantes das mais diversas \u00e1reas da comunica\u00e7\u00e3o (jornalismo, cinema, audiovisual) de todo o Brasil.<\/p>\n<p>&nbsp;<\/p>\n<p>De 30 de janeiro a 12 de fevereiro de 2023 os dois estar\u00e3o nos est\u00fadios da emissora aprofundando seus conhecimentos e t\u00e9cnicas de produ\u00e7\u00e3o. Ao final dessa experi\u00eancia, Dandara e Natan dever\u00e3o entregar um produto que, ap\u00f3s avalia\u00e7\u00e3o, poder\u00e1 ser exibido na grade de programa\u00e7\u00e3o do Canal Futura.<\/p>\n","protected":false},"excerpt":{"rendered":"<p>O Canal Futura, em parceria com a Funda\u00e7\u00e3o Roberto Marinho e com universidades de todo Brasil, realiza o Gera\u00e7\u00e3o Futura Juventudes com o objetivo de levar estudantes para realizar oficinas de forma\u00e7\u00e3o audiovisual no Rio de Janeiro e conhecer os bastidores da produ\u00e7\u00e3o da emissora. &nbsp; Anualmente s\u00e3o selecionados jovens do curso de Comunica\u00e7\u00e3o Social [&hellip;]<\/p>\n","protected":false},"author":2,"featured_media":123891,"comment_status":"open","ping_status":"open","sticky":false,"template":"","format":"standard","meta":{"_links_to":"","_links_to_target":""},"categories":[33433],"tags":[24516,15917],"_links":{"self":[{"href":"https:\/\/www.blogdothame.blog.br\/v1\/wp-json\/wp\/v2\/posts\/143896"}],"collection":[{"href":"https:\/\/www.blogdothame.blog.br\/v1\/wp-json\/wp\/v2\/posts"}],"about":[{"href":"https:\/\/www.blogdothame.blog.br\/v1\/wp-json\/wp\/v2\/types\/post"}],"author":[{"embeddable":true,"href":"https:\/\/www.blogdothame.blog.br\/v1\/wp-json\/wp\/v2\/users\/2"}],"replies":[{"embeddable":true,"href":"https:\/\/www.blogdothame.blog.br\/v1\/wp-json\/wp\/v2\/comments?post=143896"}],"version-history":[{"count":1,"href":"https:\/\/www.blogdothame.blog.br\/v1\/wp-json\/wp\/v2\/posts\/143896\/revisions"}],"predecessor-version":[{"id":143897,"href":"https:\/\/www.blogdothame.blog.br\/v1\/wp-json\/wp\/v2\/posts\/143896\/revisions\/143897"}],"wp:featuredmedia":[{"embeddable":true,"href":"https:\/\/www.blogdothame.blog.br\/v1\/wp-json\/wp\/v2\/media\/123891"}],"wp:attachment":[{"href":"https:\/\/www.blogdothame.blog.br\/v1\/wp-json\/wp\/v2\/media?parent=143896"}],"wp:term":[{"taxonomy":"category","embeddable":true,"href":"https:\/\/www.blogdothame.blog.br\/v1\/wp-json\/wp\/v2\/categories?post=143896"},{"taxonomy":"post_tag","embeddable":true,"href":"https:\/\/www.blogdothame.blog.br\/v1\/wp-json\/wp\/v2\/tags?post=143896"}],"curies":[{"name":"wp","href":"https:\/\/api.w.org\/{rel}","templated":true}]}}