{"id":143796,"date":"2022-12-01T07:30:18","date_gmt":"2022-12-01T10:30:18","guid":{"rendered":"http:\/\/www.blogdothame.blog.br\/v1\/?p=143796"},"modified":"2022-11-30T15:11:59","modified_gmt":"2022-11-30T18:11:59","slug":"setur-ba-colabora-com-a-ufba-na-gestao-de-novo-curso-na-area-de-turismo-sustentavel","status":"publish","type":"post","link":"https:\/\/www.blogdothame.blog.br\/v1\/2022\/12\/01\/setur-ba-colabora-com-a-ufba-na-gestao-de-novo-curso-na-area-de-turismo-sustentavel\/","title":{"rendered":"Setur-BA colabora com a Ufba na gest\u00e3o de novo curso na \u00e1rea de turismo sustent\u00e1vel"},"content":{"rendered":"<p><img loading=\"lazy\" class=\"alignleft size-medium wp-image-143797\" src=\"http:\/\/www.blogdothame.blog.br\/v1\/wp-content\/uploads\/2022\/11\/setur-ufba-300x169.jpg\" alt=\"\" width=\"300\" height=\"169\" srcset=\"https:\/\/www.blogdothame.blog.br\/v1\/wp-content\/uploads\/2022\/11\/setur-ufba-300x169.jpg 300w, https:\/\/www.blogdothame.blog.br\/v1\/wp-content\/uploads\/2022\/11\/setur-ufba-1024x575.jpg 1024w, https:\/\/www.blogdothame.blog.br\/v1\/wp-content\/uploads\/2022\/11\/setur-ufba-768x431.jpg 768w, https:\/\/www.blogdothame.blog.br\/v1\/wp-content\/uploads\/2022\/11\/setur-ufba.jpg 1280w\" sizes=\"(max-width: 300px) 100vw, 300px\" \/>O curso superior de tecnologia em gest\u00e3o do turismo e desenvolvimento sustent\u00e1vel, na modalidade ensino a dist\u00e2ncia (EAD), foi lan\u00e7ado, nesta quarta-feira (30), pela Escola de Administra\u00e7\u00e3o da Universidade Federal da Bahia (Ufba), no campus do Canela, em Salvador. A iniciativa \u00e9 resultado de uma parceria com a Universidade Aberta do Brasil (UAB) e a Secretaria de Turismo do Estado (Setur-BA). Ser\u00e3o oferecidas 200 vagas em cinco zonas tur\u00edsticas, contemplando Salvador (Ba\u00eda de Todos-os-Santos), Cama\u00e7ari (Costa dos Coqueiros), Itaberaba (Chapada Diamantina), Juazeiro (Vale do S\u00e3o Francisco) e Valen\u00e7a (Costa do Dend\u00ea), sendo 40 vagas para cada munic\u00edpio.<\/p>\n<p>A sele\u00e7\u00e3o dos candidatos ser\u00e1 feita pela Setur-BA, por meio de chamamento p\u00fablico, entre servidores estaduais e municipais e profissionais da iniciativa privada, que estejam atuando no turismo. \u00c9 preciso ter o ensino m\u00e9dio completo.<\/p>\n<p>&#8220;J\u00e1 t\u00ednhamos parcerias com o Sebrae e Senac, em capacita\u00e7\u00e3o tur\u00edstica, e agora estamos com a UFBA nessa forma\u00e7\u00e3o superior, que era solicitada pelo trade, em sintonia com a pol\u00edtica de desenvolvimento socioecon\u00f4mico regional do Governo do Estado. Educa\u00e7\u00e3o e turismo \u00e9 a uni\u00e3o que resulta na oferta de servi\u00e7os qualificados &#8220;, ressaltou o titular da Setur-BA, Maur\u00edcio Bacelar, que participou do lan\u00e7amento.<\/p>\n<p><!--more--><\/p>\n<p>O novo curso ter\u00e1 dura\u00e7\u00e3o m\u00ednima de dois anos e meio. A previs\u00e3o \u00e9 que as aulas comecem em mar\u00e7o de 2023. Ele vai formar profissionais para o trabalho de an\u00e1lise, planejamento e elabora\u00e7\u00e3o de projetos sustent\u00e1veis, que tenham correla\u00e7\u00e3o com atividades tur\u00edsticas.<\/p>\n<p>&#8220;Existem outras possibilidades de forma\u00e7\u00e3o em turismo, mas a da UFBA tem o diferencial de fazer um interc\u00e2mbio com a sociedade civil, al\u00e9m do corpo docente que re\u00fane perfis de gestor e de pesquisador. Essa alavancagem s\u00f3 foi poss\u00edvel por causa da parceria com o Estado&#8221;, afirmou o coordenador do curso, Ricardo Coutinho.<\/p>\n","protected":false},"excerpt":{"rendered":"<p>O curso superior de tecnologia em gest\u00e3o do turismo e desenvolvimento sustent\u00e1vel, na modalidade ensino a dist\u00e2ncia (EAD), foi lan\u00e7ado, nesta quarta-feira (30), pela Escola de Administra\u00e7\u00e3o da Universidade Federal da Bahia (Ufba), no campus do Canela, em Salvador. A iniciativa \u00e9 resultado de uma parceria com a Universidade Aberta do Brasil (UAB) e a [&hellip;]<\/p>\n","protected":false},"author":2,"featured_media":143797,"comment_status":"open","ping_status":"open","sticky":false,"template":"","format":"standard","meta":{"_links_to":"","_links_to_target":""},"categories":[1],"tags":[51,12032,453,736],"_links":{"self":[{"href":"https:\/\/www.blogdothame.blog.br\/v1\/wp-json\/wp\/v2\/posts\/143796"}],"collection":[{"href":"https:\/\/www.blogdothame.blog.br\/v1\/wp-json\/wp\/v2\/posts"}],"about":[{"href":"https:\/\/www.blogdothame.blog.br\/v1\/wp-json\/wp\/v2\/types\/post"}],"author":[{"embeddable":true,"href":"https:\/\/www.blogdothame.blog.br\/v1\/wp-json\/wp\/v2\/users\/2"}],"replies":[{"embeddable":true,"href":"https:\/\/www.blogdothame.blog.br\/v1\/wp-json\/wp\/v2\/comments?post=143796"}],"version-history":[{"count":1,"href":"https:\/\/www.blogdothame.blog.br\/v1\/wp-json\/wp\/v2\/posts\/143796\/revisions"}],"predecessor-version":[{"id":143798,"href":"https:\/\/www.blogdothame.blog.br\/v1\/wp-json\/wp\/v2\/posts\/143796\/revisions\/143798"}],"wp:featuredmedia":[{"embeddable":true,"href":"https:\/\/www.blogdothame.blog.br\/v1\/wp-json\/wp\/v2\/media\/143797"}],"wp:attachment":[{"href":"https:\/\/www.blogdothame.blog.br\/v1\/wp-json\/wp\/v2\/media?parent=143796"}],"wp:term":[{"taxonomy":"category","embeddable":true,"href":"https:\/\/www.blogdothame.blog.br\/v1\/wp-json\/wp\/v2\/categories?post=143796"},{"taxonomy":"post_tag","embeddable":true,"href":"https:\/\/www.blogdothame.blog.br\/v1\/wp-json\/wp\/v2\/tags?post=143796"}],"curies":[{"name":"wp","href":"https:\/\/api.w.org\/{rel}","templated":true}]}}