{"id":14332,"date":"2012-11-12T17:40:36","date_gmt":"2012-11-12T20:40:36","guid":{"rendered":"http:\/\/www.blogdothame.blog.br\/v1\/?p=14332"},"modified":"2012-11-12T17:40:36","modified_gmt":"2012-11-12T20:40:36","slug":"secretario-da-agricultura-participa-do-lancamento-do-programa-nacional-de-irrigacao","status":"publish","type":"post","link":"https:\/\/www.blogdothame.blog.br\/v1\/2012\/11\/12\/secretario-da-agricultura-participa-do-lancamento-do-programa-nacional-de-irrigacao\/","title":{"rendered":"Secret\u00e1rio da Agricultura participa do lan\u00e7amento do Programa Nacional de Irriga\u00e7\u00e3o"},"content":{"rendered":"<p>O secret\u00e1rio estadual da Agricultura, o engenheiro agr\u00f4nomo Eduardo Salles participa, juntamente com o governador da Bahia, Jaques Wagner, \u00a0da solenidade de lan\u00e7amento do Programa Nacional de Irriga\u00e7\u00e3o (Mais Irriga\u00e7\u00e3o), concebido pelo Minist\u00e9rio da Integra\u00e7\u00e3o Nacional, nesta ter\u00e7a-feira (13), em Bras\u00edlia. O programa tem a finalidade de amenizar os efeitos da seca no Nordeste e ser\u00e1 lan\u00e7ado pela presidente Dilma Rousseff.<\/p>\n<p>Ser\u00e3o investidos mais de R$ 3 bilh\u00f5es no \u201cMais Irriga\u00e7\u00e3o\u201d, um plano que pretende levar \u00e1gua , oferecer dinamismo \u00e0 economia do interior do Nordeste e conciliar o\u00a0 desenvolvimento econ\u00f4mico com a preserva\u00e7\u00e3o dos interesses sociais. Em sua \u00faltima visita a Bahia, na \u00faltima sexta-feira (09), a presidente anunciou o lan\u00e7amento do programa. \u201cPara n\u00f3s agora chegou a hora de a gente resolver um problema da \u00e1gua de maneira a garantir que mulheres, homens e crian\u00e7as possam tomar caf\u00e9 da manh\u00e3, tomar banho, ter uma \u00e1gua saud\u00e1vel e por isso vamos oferecer esse programa de irriga\u00e7\u00e3o\u201d, disse.<\/p>\n","protected":false},"excerpt":{"rendered":"<p>O secret\u00e1rio estadual da Agricultura, o engenheiro agr\u00f4nomo Eduardo Salles participa, juntamente com o governador da Bahia, Jaques Wagner, \u00a0da solenidade de lan\u00e7amento do Programa Nacional de Irriga\u00e7\u00e3o (Mais Irriga\u00e7\u00e3o), concebido pelo Minist\u00e9rio da Integra\u00e7\u00e3o Nacional, nesta ter\u00e7a-feira (13), em Bras\u00edlia. O programa tem a finalidade de amenizar os efeitos da seca no Nordeste e [&hellip;]<\/p>\n","protected":false},"author":2,"featured_media":0,"comment_status":"open","ping_status":"open","sticky":false,"template":"","format":"standard","meta":{"_links_to":"","_links_to_target":""},"categories":[1],"tags":[361,93,59,5118,138],"_links":{"self":[{"href":"https:\/\/www.blogdothame.blog.br\/v1\/wp-json\/wp\/v2\/posts\/14332"}],"collection":[{"href":"https:\/\/www.blogdothame.blog.br\/v1\/wp-json\/wp\/v2\/posts"}],"about":[{"href":"https:\/\/www.blogdothame.blog.br\/v1\/wp-json\/wp\/v2\/types\/post"}],"author":[{"embeddable":true,"href":"https:\/\/www.blogdothame.blog.br\/v1\/wp-json\/wp\/v2\/users\/2"}],"replies":[{"embeddable":true,"href":"https:\/\/www.blogdothame.blog.br\/v1\/wp-json\/wp\/v2\/comments?post=14332"}],"version-history":[{"count":1,"href":"https:\/\/www.blogdothame.blog.br\/v1\/wp-json\/wp\/v2\/posts\/14332\/revisions"}],"predecessor-version":[{"id":14333,"href":"https:\/\/www.blogdothame.blog.br\/v1\/wp-json\/wp\/v2\/posts\/14332\/revisions\/14333"}],"wp:attachment":[{"href":"https:\/\/www.blogdothame.blog.br\/v1\/wp-json\/wp\/v2\/media?parent=14332"}],"wp:term":[{"taxonomy":"category","embeddable":true,"href":"https:\/\/www.blogdothame.blog.br\/v1\/wp-json\/wp\/v2\/categories?post=14332"},{"taxonomy":"post_tag","embeddable":true,"href":"https:\/\/www.blogdothame.blog.br\/v1\/wp-json\/wp\/v2\/tags?post=14332"}],"curies":[{"name":"wp","href":"https:\/\/api.w.org\/{rel}","templated":true}]}}