{"id":142984,"date":"2022-11-10T15:21:02","date_gmt":"2022-11-10T18:21:02","guid":{"rendered":"http:\/\/www.blogdothame.blog.br\/v1\/?p=142984"},"modified":"2022-11-10T15:21:02","modified_gmt":"2022-11-10T18:21:02","slug":"ifba-campus-ilheus-prorroga-inscricoes-para-processo-seletivo-2023","status":"publish","type":"post","link":"https:\/\/www.blogdothame.blog.br\/v1\/2022\/11\/10\/ifba-campus-ilheus-prorroga-inscricoes-para-processo-seletivo-2023\/","title":{"rendered":"IFBA Campus Ilh\u00e9us prorroga inscri\u00e7\u00f5es para Processo Seletivo 2023"},"content":{"rendered":"<p><img loading=\"lazy\" class=\"alignleft size-medium wp-image-142985\" src=\"http:\/\/www.blogdothame.blog.br\/v1\/wp-content\/uploads\/2022\/11\/fachada-Ifba-300x169.jpg\" alt=\"\" width=\"300\" height=\"169\" srcset=\"https:\/\/www.blogdothame.blog.br\/v1\/wp-content\/uploads\/2022\/11\/fachada-Ifba-300x169.jpg 300w, https:\/\/www.blogdothame.blog.br\/v1\/wp-content\/uploads\/2022\/11\/fachada-Ifba.jpg 538w\" sizes=\"(max-width: 300px) 100vw, 300px\" \/>O Instituto Federal de Educa\u00e7\u00e3o, Ci\u00eancia e Tecnologia da Bahia (IFBA) prorrogou\u00a0at\u00e9 dia 18 de novembro, as inscri\u00e7\u00f5es do Processo Seletivo para ingresso no ano letivo de 2023 nos cursos da Educa\u00e7\u00e3o Profissional T\u00e9cnica de N\u00edvel M\u00e9dio (ProSel\u00a02023) na forma integrada, e para admiss\u00e3o nos cursos t\u00e9cnicos subsequentes ao N\u00edvel M\u00e9dio.<\/p>\n<p>Para o Campus Ilh\u00e9us, ser\u00e3o oferecidas 210 vagas, dispon\u00edveis em duas modalidades, Integrado (m\u00e9dio + curso t\u00e9cnico) e Subsequente (curso t\u00e9cnico). Os Cursos dispon\u00edveis s\u00e3o: Integrado em Edifica\u00e7\u00f5es, Inform\u00e1tica e Seguran\u00e7a do Trabalho e Subsequente em Edifica\u00e7\u00f5es e Seguran\u00e7a do Trabalho.<\/p>\n<p>CURSOS INTEGRADOS &#8211;\u00a0O\u00a0ProSel\u00a02023 para ingresso nos cursos integrados \u00e9 destinado a estudantes que, at\u00e9 a data da sua matr\u00edcula no IFBA, tenham conclu\u00eddo o Ensino Fundamental (1\u00aa a 8\u00aa s\u00e9rie \/ 1\u00ba ao 9\u00ba ano) e a sele\u00e7\u00e3o \u00e9 classificat\u00f3ria e continuar\u00e1 sendo por meio de An\u00e1lise de Hist\u00f3rico Escolar.<\/p>\n<p><!--more--><\/p>\n<p>Para fazer a inscri\u00e7\u00e3o para os cursos da forma integrada, o(a) candidato(a) deve apresentar notas e documento escolar do 6\u00ba, 7\u00ba e 8\u00ba ano do fundamental, de Portugu\u00eas, Matem\u00e1tica, Hist\u00f3ria e Geografia.<\/p>\n<p>As inscri\u00e7\u00f5es s\u00e3o gratuitas e poder\u00e3o ser realizadas por meio digital e seguem at\u00e9 o dia 18 de novembro de 2022, no per\u00edodo definido no\u00a0cronograma\u00a0do Edital\u00a0ProSel\u00a02023. A inscri\u00e7\u00e3o poder\u00e1 ser feita, exclusivamente, no prazo espec\u00edfico definido no edital, por meio do\u00a0sistema online de inscri\u00e7\u00e3o no\u00a0ProSel\u00a02023, dispon\u00edvel no site de endere\u00e7o eletr\u00f4nico\u00a0https:\/\/prosel.ifba.edu.br.<\/p>\n<p>Para realizar a inscri\u00e7\u00e3o no processo seletivo \u00e9 obrigat\u00f3rio que o(a) candidato(a) tenha conta ativa de e-mail, pelo qual poder\u00e3o ser realizadas comunica\u00e7\u00f5es e recupera\u00e7\u00e3o de senha de acesso ao\u00a0sistema de inscri\u00e7\u00e3o.<\/p>\n<p>Informa\u00e7\u00f5es sobre documenta\u00e7\u00e3o necess\u00e1ria para realizar a inscri\u00e7\u00e3o, os cursos ofertados em cada campus, os par\u00e2metros da distribui\u00e7\u00e3o de vagas pela Lei de Cotas,\u00a0 entre outras, est\u00e3o detalhadas no edital dispon\u00edvel na\u00a0p\u00e1gina do Processo Seletivo\u00a0no Portal do IFBA.<\/p>\n<p>CURSOS SUBSEQUENTES &#8211;\u00a0O processo seletivo para ingresso nos Cursos da Educa\u00e7\u00e3o Profissional T\u00e9cnica de N\u00edvel M\u00e9dio na forma de oferta Subsequente em 2023 \u00e9 destinado a estudantes que, at\u00e9 a data da sua matr\u00edcula no Instituto Federal da Bahia, tenham conclu\u00eddo o Ensino M\u00e9dio (1\u00ba ao 3\u00ba ano).<\/p>\n<p>Para fazer a inscri\u00e7\u00e3o para os cursos subsequentes, o(a) candidato(a) deve apresentar notas e documento escolar dos 1\u00ba e 2\u00ba anos do ensino m\u00e9dio de Portugu\u00eas e Matem\u00e1tica.<\/p>\n<p>OS CURSOS<\/p>\n<p>T\u00c9CNICO EM EDIFICA\u00c7\u00d5ES<br \/>\nO t\u00e9cnico em edifica\u00e7\u00f5es, da \u00e1rea de constru\u00e7\u00e3o civil, desenvolve atividades que englobam tr\u00eas etapas: elabora\u00e7\u00e3o de projetos (arquitet\u00f4nico, hidr\u00e1ulico, el\u00e9trico e executivo) e planejamento de obras (projeto e custos do canteiro); execu\u00e7\u00e3o de obras (da funda\u00e7\u00e3o ao acabamento final); manuten\u00e7\u00e3o e restaura\u00e7\u00e3o de obras (reforma amplia\u00e7\u00e3o, reconstru\u00e7\u00e3o, recupera\u00e7\u00e3o e restaura\u00e7\u00e3o).<\/p>\n<p>T\u00c9CNICO EM INFORM\u00c1TICA<br \/>\nO t\u00e9cnico em inform\u00e1tica atua na opera\u00e7\u00e3o e programa\u00e7\u00e3o de sistemas microprocessados, na instala\u00e7\u00e3o e diagn\u00f3stico de redes, administra\u00e7\u00e3o e manuten\u00e7\u00e3o de hardware e suporte t\u00e9cnico a usu\u00e1rios de computadores. Ao final do curso, poder\u00e1 desenvolver: instala\u00e7\u00e3o e configura\u00e7\u00e3o de sistemas microprocessados, isolados ou em rede; selecionar programas de aplica\u00e7\u00e3o a partir das necessidades do usu\u00e1rio; aplicar linguagens e ambientes de programa\u00e7\u00e3o; identificar arquitetura de redes; executar servi\u00e7os de administra\u00e7\u00e3o de sistemas operacionais; dar suporte t\u00e9cnico a usu\u00e1rios de computadores; auxiliar na especifica\u00e7\u00e3o e constru\u00e7\u00e3o de sistemas gerenciais e produtivos baseados em tecnologia da informa\u00e7\u00e3o.<\/p>\n<p>T\u00c9CNICO EM SEGURAN\u00c7A DO TRABALHO<br \/>\nO t\u00e9cnico em seguran\u00e7a do trabalho est\u00e1 habilitado a orientar e coordenar os sistemas de seguran\u00e7a de trabalho, investigando riscos e causas de acidentes, analisando esquemas de preven\u00e7\u00e3o visando reduzir a n\u00edveis m\u00ednimos ou eliminar, quando poss\u00edvel, os riscos de acidentes no trabalho, em prol da melhoria da produ\u00e7\u00e3o, da conscientiza\u00e7\u00e3o, da promo\u00e7\u00e3o e da integra\u00e7\u00e3o humana, social e profissional. O profissional ter\u00e1 a capacidade de condu\u00e7\u00e3o de trabalho t\u00e9cnico em seguran\u00e7a do trabalho; opera\u00e7\u00e3o de instrumentos de avalia\u00e7\u00e3o ambiental; aplica\u00e7\u00e3o de princ\u00edpios e normas de higiene, sa\u00fade e de primeiros socorros em situa\u00e7\u00f5es de emerg\u00eancia; interpreta\u00e7\u00e3o e execu\u00e7\u00e3o das normas regulamentadoras de medicina e seguran\u00e7a do trabalho; identifica\u00e7\u00e3o e\u00a0avalia\u00e7\u00e3o de rotinas, protocolos de trabalho, instala\u00e7\u00f5es e equipamentos.<\/p>\n<p>Mais detalhes sobre o Campus acesse o site:\u00a0www.ifba.edu.br\/ilheus\u00a0ou Instagram: @ifba_ilheus.<\/p>\n","protected":false},"excerpt":{"rendered":"<p>O Instituto Federal de Educa\u00e7\u00e3o, Ci\u00eancia e Tecnologia da Bahia (IFBA) prorrogou\u00a0at\u00e9 dia 18 de novembro, as inscri\u00e7\u00f5es do Processo Seletivo para ingresso no ano letivo de 2023 nos cursos da Educa\u00e7\u00e3o Profissional T\u00e9cnica de N\u00edvel M\u00e9dio (ProSel\u00a02023) na forma integrada, e para admiss\u00e3o nos cursos t\u00e9cnicos subsequentes ao N\u00edvel M\u00e9dio. Para o Campus Ilh\u00e9us, [&hellip;]<\/p>\n","protected":false},"author":2,"featured_media":142985,"comment_status":"open","ping_status":"open","sticky":false,"template":"","format":"standard","meta":{"_links_to":"","_links_to_target":""},"categories":[33436],"tags":[18009,5310,34118],"_links":{"self":[{"href":"https:\/\/www.blogdothame.blog.br\/v1\/wp-json\/wp\/v2\/posts\/142984"}],"collection":[{"href":"https:\/\/www.blogdothame.blog.br\/v1\/wp-json\/wp\/v2\/posts"}],"about":[{"href":"https:\/\/www.blogdothame.blog.br\/v1\/wp-json\/wp\/v2\/types\/post"}],"author":[{"embeddable":true,"href":"https:\/\/www.blogdothame.blog.br\/v1\/wp-json\/wp\/v2\/users\/2"}],"replies":[{"embeddable":true,"href":"https:\/\/www.blogdothame.blog.br\/v1\/wp-json\/wp\/v2\/comments?post=142984"}],"version-history":[{"count":1,"href":"https:\/\/www.blogdothame.blog.br\/v1\/wp-json\/wp\/v2\/posts\/142984\/revisions"}],"predecessor-version":[{"id":142986,"href":"https:\/\/www.blogdothame.blog.br\/v1\/wp-json\/wp\/v2\/posts\/142984\/revisions\/142986"}],"wp:featuredmedia":[{"embeddable":true,"href":"https:\/\/www.blogdothame.blog.br\/v1\/wp-json\/wp\/v2\/media\/142985"}],"wp:attachment":[{"href":"https:\/\/www.blogdothame.blog.br\/v1\/wp-json\/wp\/v2\/media?parent=142984"}],"wp:term":[{"taxonomy":"category","embeddable":true,"href":"https:\/\/www.blogdothame.blog.br\/v1\/wp-json\/wp\/v2\/categories?post=142984"},{"taxonomy":"post_tag","embeddable":true,"href":"https:\/\/www.blogdothame.blog.br\/v1\/wp-json\/wp\/v2\/tags?post=142984"}],"curies":[{"name":"wp","href":"https:\/\/api.w.org\/{rel}","templated":true}]}}