{"id":142901,"date":"2022-11-09T12:01:36","date_gmt":"2022-11-09T15:01:36","guid":{"rendered":"http:\/\/www.blogdothame.blog.br\/v1\/?p=142901"},"modified":"2022-11-09T12:02:08","modified_gmt":"2022-11-09T15:02:08","slug":"rui-costa-lamenta-morte-da-cantora-gal-costa-e-decreta-luto-de-tres-dias-na-bahia","status":"publish","type":"post","link":"https:\/\/www.blogdothame.blog.br\/v1\/2022\/11\/09\/rui-costa-lamenta-morte-da-cantora-gal-costa-e-decreta-luto-de-tres-dias-na-bahia\/","title":{"rendered":"Rui Costa lamenta morte da cantora Gal Costa e decreta luto de tr\u00eas dias na Bahia"},"content":{"rendered":"<p>&nbsp;<\/p>\n<p><img loading=\"lazy\" class=\"aligncenter wp-image-142902\" src=\"http:\/\/www.blogdothame.blog.br\/v1\/wp-content\/uploads\/2022\/11\/gal-costa.jpg\" alt=\"\" width=\"446\" height=\"251\" srcset=\"https:\/\/www.blogdothame.blog.br\/v1\/wp-content\/uploads\/2022\/11\/gal-costa.jpg 804w, https:\/\/www.blogdothame.blog.br\/v1\/wp-content\/uploads\/2022\/11\/gal-costa-300x169.jpg 300w, https:\/\/www.blogdothame.blog.br\/v1\/wp-content\/uploads\/2022\/11\/gal-costa-768x432.jpg 768w\" sizes=\"(max-width: 446px) 100vw, 446px\" \/><\/p>\n<p>Em suas redes sociais, nesta quarta-feira (9), o governador Rui Costa manifestou pesar pela morte da cantora baiana Gal Costa. \u201cPerdemos uma das mais potentes vozes da nossa m\u00fasica, eternizada em interpreta\u00e7\u00f5es que cantam a Bahia e o Brasil para todo o mundo\u201d, escreveu Rui, que decretou luto oficial de tr\u00eas dias no estado.<\/p>\n<p>Leia a \u00edntegra da nota do governador:<\/p>\n<p>_\u201cLamento profundamente a morte de Gal Costa. Com sua partida, perdemos uma das mais potentes vozes da nossa m\u00fasica, eternizada em interpreta\u00e7\u00f5es que cantam a Bahia e o Brasil para todo o mundo. Est\u00e1 decretado luto oficial na Bahia por 3 dias\u201d._<\/p>\n<p><a href=\"https:\/\/twitter.com\/costa_rui\/status\/1590354852458430465?s=20&amp;t=4q1venxhGXOrUUJhQaMchA\" target=\"_blank\" rel=\"noopener\" data-saferedirecturl=\"https:\/\/www.google.com\/url?q=https:\/\/twitter.com\/costa_rui\/status\/1590354852458430465?s%3D20%26t%3D4q1venxhGXOrUUJhQaMchA&amp;source=gmail&amp;ust=1668092386894000&amp;usg=AOvVaw2BuVvxiiI1q9PQXNf4F-vI\">https:\/\/twitter.com\/costa_rui\/<wbr \/>status\/1590354852458430465?s=<wbr \/>20&amp;t=4q1venxhGXOrUUJhQaMchA<\/a><\/p>\n<div class=\"yj6qo\"><\/div>\n","protected":false},"excerpt":{"rendered":"<p>&nbsp; Em suas redes sociais, nesta quarta-feira (9), o governador Rui Costa manifestou pesar pela morte da cantora baiana Gal Costa. \u201cPerdemos uma das mais potentes vozes da nossa m\u00fasica, eternizada em interpreta\u00e7\u00f5es que cantam a Bahia e o Brasil para todo o mundo\u201d, escreveu Rui, que decretou luto oficial de tr\u00eas dias no estado. [&hellip;]<\/p>\n","protected":false},"author":2,"featured_media":142902,"comment_status":"open","ping_status":"open","sticky":false,"template":"","format":"standard","meta":{"_links_to":"","_links_to_target":""},"categories":[33433],"tags":[51,916,11325,615],"_links":{"self":[{"href":"https:\/\/www.blogdothame.blog.br\/v1\/wp-json\/wp\/v2\/posts\/142901"}],"collection":[{"href":"https:\/\/www.blogdothame.blog.br\/v1\/wp-json\/wp\/v2\/posts"}],"about":[{"href":"https:\/\/www.blogdothame.blog.br\/v1\/wp-json\/wp\/v2\/types\/post"}],"author":[{"embeddable":true,"href":"https:\/\/www.blogdothame.blog.br\/v1\/wp-json\/wp\/v2\/users\/2"}],"replies":[{"embeddable":true,"href":"https:\/\/www.blogdothame.blog.br\/v1\/wp-json\/wp\/v2\/comments?post=142901"}],"version-history":[{"count":1,"href":"https:\/\/www.blogdothame.blog.br\/v1\/wp-json\/wp\/v2\/posts\/142901\/revisions"}],"predecessor-version":[{"id":142903,"href":"https:\/\/www.blogdothame.blog.br\/v1\/wp-json\/wp\/v2\/posts\/142901\/revisions\/142903"}],"wp:featuredmedia":[{"embeddable":true,"href":"https:\/\/www.blogdothame.blog.br\/v1\/wp-json\/wp\/v2\/media\/142902"}],"wp:attachment":[{"href":"https:\/\/www.blogdothame.blog.br\/v1\/wp-json\/wp\/v2\/media?parent=142901"}],"wp:term":[{"taxonomy":"category","embeddable":true,"href":"https:\/\/www.blogdothame.blog.br\/v1\/wp-json\/wp\/v2\/categories?post=142901"},{"taxonomy":"post_tag","embeddable":true,"href":"https:\/\/www.blogdothame.blog.br\/v1\/wp-json\/wp\/v2\/tags?post=142901"}],"curies":[{"name":"wp","href":"https:\/\/api.w.org\/{rel}","templated":true}]}}