{"id":141517,"date":"2022-10-07T19:21:04","date_gmt":"2022-10-07T22:21:04","guid":{"rendered":"http:\/\/www.blogdothame.blog.br\/v1\/?p=141517"},"modified":"2022-10-07T18:23:55","modified_gmt":"2022-10-07T21:23:55","slug":"governo-do-estado-publica-aviso-de-licitacao-para-obras-de-ampliacao-do-hospital-de-base","status":"publish","type":"post","link":"https:\/\/www.blogdothame.blog.br\/v1\/2022\/10\/07\/governo-do-estado-publica-aviso-de-licitacao-para-obras-de-ampliacao-do-hospital-de-base\/","title":{"rendered":"Governo do Estado publica Aviso de Licita\u00e7\u00e3o para obras de amplia\u00e7\u00e3o do Hospital de Base"},"content":{"rendered":"<p><img loading=\"lazy\" class=\"aligncenter size-full wp-image-141518\" src=\"http:\/\/www.blogdothame.blog.br\/v1\/wp-content\/uploads\/2022\/10\/3B2DC523-14AC-4FAE-9756-2502B1CEE604.jpeg\" alt=\"\" width=\"366\" height=\"381\" srcset=\"https:\/\/www.blogdothame.blog.br\/v1\/wp-content\/uploads\/2022\/10\/3B2DC523-14AC-4FAE-9756-2502B1CEE604.jpeg 366w, https:\/\/www.blogdothame.blog.br\/v1\/wp-content\/uploads\/2022\/10\/3B2DC523-14AC-4FAE-9756-2502B1CEE604-288x300.jpeg 288w\" sizes=\"(max-width: 366px) 100vw, 366px\" \/><\/p>\n<p>Quatro \u00a0meses depois de o governador Rui Costa (PT) ter anunciado as obras de amplia\u00e7\u00e3o do Hospital de Base Lu\u00eds Eduardo Magalh\u00e3es (HBLEM), foi publicado, dia 6, no Di\u00e1rio Oficial do\u00a0 Estado Aviso de Licita\u00e7\u00e3o n\u00ba 138\/22 para contrata\u00e7\u00e3o integrada da empresa especializada\u00a0 para elabora\u00e7\u00e3o do projeto b\u00e1sico e executivo e execu\u00e7\u00e3o das obras de amplia\u00e7\u00e3o e reforma do HBLEM.<\/p>\n<p>As obras de amplia\u00e7\u00e3o visam aumentar a capacidade de atendimento da unidade hospitalar de Itabuna com mais leitos de UTI, seis salas para centro cir\u00fargico, \u00e1rea para diagn\u00f3stico de imagens, Pronto-Socorro, emerg\u00eancia, Raios-X, resson\u00e2ncia, tomografia, ultrassom, endoscopia, ag\u00eancia transfusional, CME e apoio administrativo.<\/p>\n<p>A obra, que ser\u00e1 realizada pelo Governo do Estado, por meio da Secretaria de Sa\u00fade da Bahia (SESAB), com apoio da Prefeitura de Itabuna, foi anunciada pelo governador no come\u00e7o de junho e confirmada ao prefeito Augusto Castro pela secret\u00e1ria Ad\u00e9lia Pinheiro que garantiu que o projeto da propriedade da\u00a0 SESAB, j\u00e1 est\u00e1 autorizado pelas inst\u00e2ncias da Divis\u00e3o de Vigil\u00e2ncia Sanit\u00e1ria do Estado (DIVISA).<\/p>\n<p>Para o prefeito de Itabuna, Augusto Castro (PSD), a publica\u00e7\u00e3o do Aviso de Licita\u00e7\u00e3o refor\u00e7a o compromisso do governador Rui Costa com a popula\u00e7\u00e3o regional que tem no Hospital de Base atendimento \u201cportas abertas\u201d, desde sua inaugura\u00e7\u00e3o h\u00e1 24 anos. \u201cEsta ser\u00e1 a primeira grande interven\u00e7\u00e3o para que a unidade hospitalar amplie a presta\u00e7\u00e3o de servi\u00e7os. A obra ser\u00e1 um marco\u00a0 da minha gest\u00e3o na busca da melhoria das condi\u00e7\u00f5es da unidade\u201d, expressou.<\/p>\n<p><!--more-->O prefeito elencou outras interven\u00e7\u00f5es j\u00e1 executadas no Hospital de Base, a exemplo da implanta\u00e7\u00e3o do Centro de Imagens e Resson\u00e2ncia Magn\u00e9tica e Arco Cir\u00fargico no primeiro ano de sua gest\u00e3o, o que se refletiu em agilidade e qualidade do servi\u00e7o prestado aos atendimentos agendados via Central de Regula\u00e7\u00e3o ou diretamente aos pacientes internados no hospital.<\/p>\n<p>Segundo o Aviso de Licita\u00e7\u00e3o publicado, o Edital e seus anexos estar\u00e3o \u00e0 disposi\u00e7\u00e3o dos interessados no site da CONDER (http:\/\/www.conder.ba.gov.br) no campo licita\u00e7\u00f5es, a partir do dia 10. A abertura do processo licitat\u00f3rio est\u00e1 programada para as 9h30min do dia 20 de dezembro na Companhia de Desenvolvimento Urbano do Estado da Bahia.<\/p>\n","protected":false},"excerpt":{"rendered":"<p>Quatro \u00a0meses depois de o governador Rui Costa (PT) ter anunciado as obras de amplia\u00e7\u00e3o do Hospital de Base Lu\u00eds Eduardo Magalh\u00e3es (HBLEM), foi publicado, dia 6, no Di\u00e1rio Oficial do\u00a0 Estado Aviso de Licita\u00e7\u00e3o n\u00ba 138\/22 para contrata\u00e7\u00e3o integrada da empresa especializada\u00a0 para elabora\u00e7\u00e3o do projeto b\u00e1sico e executivo e execu\u00e7\u00e3o das obras de [&hellip;]<\/p>\n","protected":false},"author":2,"featured_media":141518,"comment_status":"open","ping_status":"open","sticky":false,"template":"","format":"standard","meta":{"_links_to":"","_links_to_target":""},"categories":[33434],"tags":[],"_links":{"self":[{"href":"https:\/\/www.blogdothame.blog.br\/v1\/wp-json\/wp\/v2\/posts\/141517"}],"collection":[{"href":"https:\/\/www.blogdothame.blog.br\/v1\/wp-json\/wp\/v2\/posts"}],"about":[{"href":"https:\/\/www.blogdothame.blog.br\/v1\/wp-json\/wp\/v2\/types\/post"}],"author":[{"embeddable":true,"href":"https:\/\/www.blogdothame.blog.br\/v1\/wp-json\/wp\/v2\/users\/2"}],"replies":[{"embeddable":true,"href":"https:\/\/www.blogdothame.blog.br\/v1\/wp-json\/wp\/v2\/comments?post=141517"}],"version-history":[{"count":1,"href":"https:\/\/www.blogdothame.blog.br\/v1\/wp-json\/wp\/v2\/posts\/141517\/revisions"}],"predecessor-version":[{"id":141519,"href":"https:\/\/www.blogdothame.blog.br\/v1\/wp-json\/wp\/v2\/posts\/141517\/revisions\/141519"}],"wp:featuredmedia":[{"embeddable":true,"href":"https:\/\/www.blogdothame.blog.br\/v1\/wp-json\/wp\/v2\/media\/141518"}],"wp:attachment":[{"href":"https:\/\/www.blogdothame.blog.br\/v1\/wp-json\/wp\/v2\/media?parent=141517"}],"wp:term":[{"taxonomy":"category","embeddable":true,"href":"https:\/\/www.blogdothame.blog.br\/v1\/wp-json\/wp\/v2\/categories?post=141517"},{"taxonomy":"post_tag","embeddable":true,"href":"https:\/\/www.blogdothame.blog.br\/v1\/wp-json\/wp\/v2\/tags?post=141517"}],"curies":[{"name":"wp","href":"https:\/\/api.w.org\/{rel}","templated":true}]}}