{"id":141226,"date":"2022-09-30T14:00:49","date_gmt":"2022-09-30T17:00:49","guid":{"rendered":"http:\/\/www.blogdothame.blog.br\/v1\/?p=141226"},"modified":"2022-09-30T16:16:14","modified_gmt":"2022-09-30T19:16:14","slug":"141226","status":"publish","type":"post","link":"https:\/\/www.blogdothame.blog.br\/v1\/2022\/09\/30\/141226\/","title":{"rendered":"Lula na Bahia: Presidente recarrega bateria com energia do povo baiano e recebe b\u00ean\u00e7\u00e3os do Senhor do Bonfim"},"content":{"rendered":"<p><img loading=\"lazy\" class=\"aligncenter size-full wp-image-141230\" src=\"http:\/\/www.blogdothame.blog.br\/v1\/wp-content\/uploads\/2022\/09\/lula-na-bahia-2.jpg\" alt=\"\" width=\"332\" height=\"365\" srcset=\"https:\/\/www.blogdothame.blog.br\/v1\/wp-content\/uploads\/2022\/09\/lula-na-bahia-2.jpg 332w, https:\/\/www.blogdothame.blog.br\/v1\/wp-content\/uploads\/2022\/09\/lula-na-bahia-2-273x300.jpg 273w\" sizes=\"(max-width: 332px) 100vw, 332px\" \/>O presidente Lula desembarcou em Salvador, no final da manh\u00e3 desta sexta-feira (30), para recarregar as baterias com energia positiva do povo soteropolitano e baiano e receber \u00e0s b\u00ean\u00e7\u00e3os do Senhor do Bonfim antes das elei\u00e7\u00f5es presidenciais deste domingo (2). Este \u00e9 o quarto evento que o presidente participa na Bahia ao lado do candidato a governador pelo PT, Jer\u00f4nimo Rodrigues.<\/p>\n<p><img loading=\"lazy\" class=\"aligncenter wp-image-141227\" src=\"http:\/\/www.blogdothame.blog.br\/v1\/wp-content\/uploads\/2022\/09\/lula-na-bahia-4.jpg\" alt=\"\" width=\"444\" height=\"279\" srcset=\"https:\/\/www.blogdothame.blog.br\/v1\/wp-content\/uploads\/2022\/09\/lula-na-bahia-4.jpg 828w, https:\/\/www.blogdothame.blog.br\/v1\/wp-content\/uploads\/2022\/09\/lula-na-bahia-4-300x188.jpg 300w, https:\/\/www.blogdothame.blog.br\/v1\/wp-content\/uploads\/2022\/09\/lula-na-bahia-4-768x482.jpg 768w\" sizes=\"(max-width: 444px) 100vw, 444px\" \/><\/p>\n<p>A Bahia dever\u00e1 ser o estado brasileiro onde o presidenci\u00e1vel petista receber\u00e1 a maior vota\u00e7\u00e3o, em termos percentuais, conforme aponta todas as pesquisas de inten\u00e7\u00f5es de votos e a sua l\u00edderan\u00e7a nacional na prefer\u00eancia do eleitorado, com chances de vit\u00f3ria no 1? turno.<\/p>\n<p><img loading=\"lazy\" class=\"aligncenter size-medium wp-image-141228\" src=\"http:\/\/www.blogdothame.blog.br\/v1\/wp-content\/uploads\/2022\/09\/lula-na-bahia-3-241x300.jpg\" alt=\"\" width=\"241\" height=\"300\" srcset=\"https:\/\/www.blogdothame.blog.br\/v1\/wp-content\/uploads\/2022\/09\/lula-na-bahia-3-241x300.jpg 241w, https:\/\/www.blogdothame.blog.br\/v1\/wp-content\/uploads\/2022\/09\/lula-na-bahia-3.jpg 308w\" sizes=\"(max-width: 241px) 100vw, 241px\" \/><\/p>\n<p>Ao lado de Jer\u00f4nimo, do governador Rui Costa (PT), dos senadores Jaques Wagner (PT) e Otto Alencar, candidato \u00e0 reelei\u00e7\u00e3o, al\u00e9m do candidato a vice-governador, Geraldo J\u00fanior (MDB), Lula percorrer\u00e1 as ruas da Cidade Baixa, saindo do Largo de Roma em dire\u00e7\u00e3o \u00e0 Colina Sagrada, na Igreja do Senhor do Bonfim. O pr\u00f3ximo presidente do Brasil segue para Fortaleza em seguida, onde finaliza a sua agenda do dia com uma caminhada pelo centro da capital cearense.<\/p>\n<p><img loading=\"lazy\" class=\"aligncenter size-medium wp-image-141229\" src=\"http:\/\/www.blogdothame.blog.br\/v1\/wp-content\/uploads\/2022\/09\/lula-na-bahia-1-300x188.jpg\" alt=\"\" width=\"300\" height=\"188\" srcset=\"https:\/\/www.blogdothame.blog.br\/v1\/wp-content\/uploads\/2022\/09\/lula-na-bahia-1-300x188.jpg 300w, https:\/\/www.blogdothame.blog.br\/v1\/wp-content\/uploads\/2022\/09\/lula-na-bahia-1-768x482.jpg 768w, https:\/\/www.blogdothame.blog.br\/v1\/wp-content\/uploads\/2022\/09\/lula-na-bahia-1.jpg 828w\" sizes=\"(max-width: 300px) 100vw, 300px\" \/><\/p>\n","protected":false},"excerpt":{"rendered":"<p>O presidente Lula desembarcou em Salvador, no final da manh\u00e3 desta sexta-feira (30), para recarregar as baterias com energia positiva do povo soteropolitano e baiano e receber \u00e0s b\u00ean\u00e7\u00e3os do Senhor do Bonfim antes das elei\u00e7\u00f5es presidenciais deste domingo (2). Este \u00e9 o quarto evento que o presidente participa na Bahia ao lado do candidato [&hellip;]<\/p>\n","protected":false},"author":2,"featured_media":141227,"comment_status":"open","ping_status":"open","sticky":false,"template":"","format":"standard","meta":{"_links_to":"","_links_to_target":""},"categories":[33432],"tags":[12213,337,315,433],"_links":{"self":[{"href":"https:\/\/www.blogdothame.blog.br\/v1\/wp-json\/wp\/v2\/posts\/141226"}],"collection":[{"href":"https:\/\/www.blogdothame.blog.br\/v1\/wp-json\/wp\/v2\/posts"}],"about":[{"href":"https:\/\/www.blogdothame.blog.br\/v1\/wp-json\/wp\/v2\/types\/post"}],"author":[{"embeddable":true,"href":"https:\/\/www.blogdothame.blog.br\/v1\/wp-json\/wp\/v2\/users\/2"}],"replies":[{"embeddable":true,"href":"https:\/\/www.blogdothame.blog.br\/v1\/wp-json\/wp\/v2\/comments?post=141226"}],"version-history":[{"count":3,"href":"https:\/\/www.blogdothame.blog.br\/v1\/wp-json\/wp\/v2\/posts\/141226\/revisions"}],"predecessor-version":[{"id":141233,"href":"https:\/\/www.blogdothame.blog.br\/v1\/wp-json\/wp\/v2\/posts\/141226\/revisions\/141233"}],"wp:featuredmedia":[{"embeddable":true,"href":"https:\/\/www.blogdothame.blog.br\/v1\/wp-json\/wp\/v2\/media\/141227"}],"wp:attachment":[{"href":"https:\/\/www.blogdothame.blog.br\/v1\/wp-json\/wp\/v2\/media?parent=141226"}],"wp:term":[{"taxonomy":"category","embeddable":true,"href":"https:\/\/www.blogdothame.blog.br\/v1\/wp-json\/wp\/v2\/categories?post=141226"},{"taxonomy":"post_tag","embeddable":true,"href":"https:\/\/www.blogdothame.blog.br\/v1\/wp-json\/wp\/v2\/tags?post=141226"}],"curies":[{"name":"wp","href":"https:\/\/api.w.org\/{rel}","templated":true}]}}