{"id":141205,"date":"2022-09-30T14:12:37","date_gmt":"2022-09-30T17:12:37","guid":{"rendered":"http:\/\/www.blogdothame.blog.br\/v1\/?p=141205"},"modified":"2022-09-30T14:12:37","modified_gmt":"2022-09-30T17:12:37","slug":"obras-de-ampliacao-do-abastecimento-de-agua-em-itabuna-segue-em-ritmo-acelerado","status":"publish","type":"post","link":"https:\/\/www.blogdothame.blog.br\/v1\/2022\/09\/30\/obras-de-ampliacao-do-abastecimento-de-agua-em-itabuna-segue-em-ritmo-acelerado\/","title":{"rendered":"Obras de amplia\u00e7\u00e3o do abastecimento de \u00e1gua em Itabuna segue em ritmo acelerado"},"content":{"rendered":"<p><img loading=\"lazy\" class=\"aligncenter size-medium wp-image-141207\" src=\"http:\/\/www.blogdothame.blog.br\/v1\/wp-content\/uploads\/2022\/09\/emasa-1-300x280.jpg\" alt=\"\" width=\"300\" height=\"280\" srcset=\"https:\/\/www.blogdothame.blog.br\/v1\/wp-content\/uploads\/2022\/09\/emasa-1-300x280.jpg 300w, https:\/\/www.blogdothame.blog.br\/v1\/wp-content\/uploads\/2022\/09\/emasa-1.jpg 518w\" sizes=\"(max-width: 300px) 100vw, 300px\" \/><br \/>\nAs obras de projeto Mais \u00c1gua para a Cidade, de amplia\u00e7\u00e3o do sistema de abastecimento de \u00e1gua de Itabuna, est\u00e3o em ritmo acelerado. Os trabalhos foram iniciados no dia 11 de agosto e j\u00e1 foram implantados 700 metros de rede adutora e 500 metros de rede de distribui\u00e7\u00e3o entres os bairros Ja\u00e7an\u00e3 e Novo Ja\u00e7an\u00e3.<\/p>\n<p><img loading=\"lazy\" class=\"alignleft size-medium wp-image-141206\" src=\"http:\/\/www.blogdothame.blog.br\/v1\/wp-content\/uploads\/2022\/09\/emasa-2-225x300.jpg\" alt=\"\" width=\"225\" height=\"300\" srcset=\"https:\/\/www.blogdothame.blog.br\/v1\/wp-content\/uploads\/2022\/09\/emasa-2-225x300.jpg 225w, https:\/\/www.blogdothame.blog.br\/v1\/wp-content\/uploads\/2022\/09\/emasa-2.jpg 434w\" sizes=\"(max-width: 225px) 100vw, 225px\" \/>De acordo com o presidente da Empresa Municipal de \u00c1guas e Saneamento (Emasa), Raymundo Mendes Filho, o projeto Mais \u00c1gua para a Cidade \u00e9 o maior investimento em saneamento da hist\u00f3ria da cidade e depois de conclu\u00eddo vai solucionar em mais de 80 por cento o problema do fornecimento de \u00e1gua de Itabuna.<\/p>\n<p>\u201cA execu\u00e7\u00e3o do trabalho est\u00e1 dentro do cronograma pr\u00e9-estabelecido, \u00e9 uma obra com previs\u00e3o de ser finalizada em 18 meses, temos dentro do canteiro 90 por cento de todo o material que ser\u00e1 utilizado no projeto e conforme o planejado vamos concluir no prazo previsto\u201d, afirma Raymundo.<\/p>\n<p>J\u00e1 o prefeito Augusto Castro lembra que essa \u00e9 uma das mais importantes obras para a cidade. \u201cDesde que a empresa saiu das m\u00e3os do Governo do Estado e passou para o munic\u00edpio, na d\u00e9cada de 1980, as pessoas j\u00e1 sofriam com a falta de \u00e1gua. Gest\u00f5es passadas realizaram obras pontuais, por\u00e9m, o que estamos realizando vai eliminar o abastecimento intermitente e as pessoas ter\u00e3o agua em suas torneiras todos os dias\u201d, garante Castro.<\/p>\n<p><!--more--><\/p>\n<p>O Projeto<\/p>\n<p>A execu\u00e7\u00e3o da obra \u00e9 da empresa C&amp;R Engenharia Ltda, vencedora do processo licitat\u00f3rio. O projeto consiste na amplia\u00e7\u00e3o da esta\u00e7\u00e3o elevat\u00f3ria de \u00e1gua tratada, na Esta\u00e7\u00e3o de Tratamento de \u00c1gua (ETA), no S\u00e3o Louren\u00e7o, com o acr\u00e9scimo de duas motobombas. Al\u00e9m disso, haver\u00e1 a instala\u00e7\u00e3o de 6.049 metros de rede adutora e pouco mais de 2 mil metros de rede de distribui\u00e7\u00e3o.<\/p>\n<p>Nessa primeira fase da obra est\u00e3o sendo investidos pouco mais de R$ 17 milh\u00f5es. Em um segundo momento, haver\u00e1 a implanta\u00e7\u00e3o de dois grandes reservat\u00f3rios com capacidade para armazenar tr\u00eas e cinco milh\u00f5es de litros de \u00e1gua, respectivamente.<\/p>\n","protected":false},"excerpt":{"rendered":"<p>As obras de projeto Mais \u00c1gua para a Cidade, de amplia\u00e7\u00e3o do sistema de abastecimento de \u00e1gua de Itabuna, est\u00e3o em ritmo acelerado. Os trabalhos foram iniciados no dia 11 de agosto e j\u00e1 foram implantados 700 metros de rede adutora e 500 metros de rede de distribui\u00e7\u00e3o entres os bairros Ja\u00e7an\u00e3 e Novo Ja\u00e7an\u00e3. [&hellip;]<\/p>\n","protected":false},"author":2,"featured_media":141207,"comment_status":"open","ping_status":"open","sticky":false,"template":"","format":"standard","meta":{"_links_to":"","_links_to_target":""},"categories":[33434],"tags":[2508,33833,33832],"_links":{"self":[{"href":"https:\/\/www.blogdothame.blog.br\/v1\/wp-json\/wp\/v2\/posts\/141205"}],"collection":[{"href":"https:\/\/www.blogdothame.blog.br\/v1\/wp-json\/wp\/v2\/posts"}],"about":[{"href":"https:\/\/www.blogdothame.blog.br\/v1\/wp-json\/wp\/v2\/types\/post"}],"author":[{"embeddable":true,"href":"https:\/\/www.blogdothame.blog.br\/v1\/wp-json\/wp\/v2\/users\/2"}],"replies":[{"embeddable":true,"href":"https:\/\/www.blogdothame.blog.br\/v1\/wp-json\/wp\/v2\/comments?post=141205"}],"version-history":[{"count":1,"href":"https:\/\/www.blogdothame.blog.br\/v1\/wp-json\/wp\/v2\/posts\/141205\/revisions"}],"predecessor-version":[{"id":141208,"href":"https:\/\/www.blogdothame.blog.br\/v1\/wp-json\/wp\/v2\/posts\/141205\/revisions\/141208"}],"wp:featuredmedia":[{"embeddable":true,"href":"https:\/\/www.blogdothame.blog.br\/v1\/wp-json\/wp\/v2\/media\/141207"}],"wp:attachment":[{"href":"https:\/\/www.blogdothame.blog.br\/v1\/wp-json\/wp\/v2\/media?parent=141205"}],"wp:term":[{"taxonomy":"category","embeddable":true,"href":"https:\/\/www.blogdothame.blog.br\/v1\/wp-json\/wp\/v2\/categories?post=141205"},{"taxonomy":"post_tag","embeddable":true,"href":"https:\/\/www.blogdothame.blog.br\/v1\/wp-json\/wp\/v2\/tags?post=141205"}],"curies":[{"name":"wp","href":"https:\/\/api.w.org\/{rel}","templated":true}]}}