{"id":141073,"date":"2022-09-28T08:01:57","date_gmt":"2022-09-28T11:01:57","guid":{"rendered":"http:\/\/www.blogdothame.blog.br\/v1\/?p=141073"},"modified":"2022-09-28T08:02:58","modified_gmt":"2022-09-28T11:02:58","slug":"firme-e-preparado-jeronimo-apresentou-as-melhores-propostas-afirma-eden-sobre-debate-na-tv-bahia","status":"publish","type":"post","link":"https:\/\/www.blogdothame.blog.br\/v1\/2022\/09\/28\/firme-e-preparado-jeronimo-apresentou-as-melhores-propostas-afirma-eden-sobre-debate-na-tv-bahia\/","title":{"rendered":"\u201cFirme e preparado, Jer\u00f4nimo apresentou as melhores propostas\u201d, afirma \u00c9den sobre debate na TV Bahia"},"content":{"rendered":"<p><img loading=\"lazy\" class=\" wp-image-141074 aligncenter\" src=\"http:\/\/www.blogdothame.blog.br\/v1\/wp-content\/uploads\/2022\/09\/jer-debate-1024x576.jpg\" alt=\"\" width=\"434\" height=\"244\" srcset=\"https:\/\/www.blogdothame.blog.br\/v1\/wp-content\/uploads\/2022\/09\/jer-debate-1024x576.jpg 1024w, https:\/\/www.blogdothame.blog.br\/v1\/wp-content\/uploads\/2022\/09\/jer-debate-300x169.jpg 300w, https:\/\/www.blogdothame.blog.br\/v1\/wp-content\/uploads\/2022\/09\/jer-debate-768x432.jpg 768w, https:\/\/www.blogdothame.blog.br\/v1\/wp-content\/uploads\/2022\/09\/jer-debate.jpg 1280w\" sizes=\"(max-width: 434px) 100vw, 434px\" \/>O presidente do Partido dos Trabalhadores da Bahia, \u00c9den Valadares, avaliou como muito positiva a participa\u00e7\u00e3o do candidato do Partido do Trabalhadores ao Governo do Estado, Jer\u00f4nimo Rodrigues, no debate da TV Bahia, realizado nesta ter\u00e7a-feira, 27. Para \u00c9den, o candidato petista demonstrou seguran\u00e7a e as melhores proposi\u00e7\u00f5es para a Bahia continuar avan\u00e7ando.<\/p>\n<p>\u201cFirme e preparado, Jer\u00f4nimo apresentou as melhores propostas. Nosso candidato tem seguran\u00e7a n\u00e3o s\u00f3 pelas melhores propostas apresentadas para amplia\u00e7\u00e3o de mais investimentos na educa\u00e7\u00e3o, na seguran\u00e7a p\u00fablica, na agricultura familiar, na sa\u00fade, como nosso candidato tem tamb\u00e9m a seguran\u00e7a e a confian\u00e7a de pertencer a um projeto pol\u00edtico que tem lado, que \u00e9 o lado de Lula, do PT, de Jaques Wagner, de Rui Costa, de Otto Alencar\u201d.<\/p>\n<p>O presidente do PT Bahia disse ainda que diferente de Jer\u00f4nimo, ACM Neto, que resolveu ir ao \u00faltimo debate ap\u00f3s se ausentar dos primeiros, n\u00e3o tem a postura digna do cargo que almeja. \u201cACM Neto parou de fugir, apareceu, mas n\u00e3o deixou nenhuma proposta; s\u00f3 ataques pessoais e a arrog\u00e2ncia de sempre\u201d, afirmou \u00c9den, ao destacar: \u201cUm candidato que n\u00e3o se posiciona sobre quem deve ser o pr\u00f3ximo presidente do Brasil n\u00e3o pode ser governador. N\u00e3o pode ser governador da Bahia um candidato que n\u00e3o tem coragem para assumir sua posi\u00e7\u00e3o por vergonha ou medo\u201d.<\/p>\n","protected":false},"excerpt":{"rendered":"<p>O presidente do Partido dos Trabalhadores da Bahia, \u00c9den Valadares, avaliou como muito positiva a participa\u00e7\u00e3o do candidato do Partido do Trabalhadores ao Governo do Estado, Jer\u00f4nimo Rodrigues, no debate da TV Bahia, realizado nesta ter\u00e7a-feira, 27. Para \u00c9den, o candidato petista demonstrou seguran\u00e7a e as melhores proposi\u00e7\u00f5es para a Bahia continuar avan\u00e7ando. \u201cFirme e [&hellip;]<\/p>\n","protected":false},"author":2,"featured_media":141074,"comment_status":"open","ping_status":"open","sticky":false,"template":"","format":"standard","meta":{"_links_to":"","_links_to_target":""},"categories":[33432],"tags":[51,25730,12213,315],"_links":{"self":[{"href":"https:\/\/www.blogdothame.blog.br\/v1\/wp-json\/wp\/v2\/posts\/141073"}],"collection":[{"href":"https:\/\/www.blogdothame.blog.br\/v1\/wp-json\/wp\/v2\/posts"}],"about":[{"href":"https:\/\/www.blogdothame.blog.br\/v1\/wp-json\/wp\/v2\/types\/post"}],"author":[{"embeddable":true,"href":"https:\/\/www.blogdothame.blog.br\/v1\/wp-json\/wp\/v2\/users\/2"}],"replies":[{"embeddable":true,"href":"https:\/\/www.blogdothame.blog.br\/v1\/wp-json\/wp\/v2\/comments?post=141073"}],"version-history":[{"count":1,"href":"https:\/\/www.blogdothame.blog.br\/v1\/wp-json\/wp\/v2\/posts\/141073\/revisions"}],"predecessor-version":[{"id":141075,"href":"https:\/\/www.blogdothame.blog.br\/v1\/wp-json\/wp\/v2\/posts\/141073\/revisions\/141075"}],"wp:featuredmedia":[{"embeddable":true,"href":"https:\/\/www.blogdothame.blog.br\/v1\/wp-json\/wp\/v2\/media\/141074"}],"wp:attachment":[{"href":"https:\/\/www.blogdothame.blog.br\/v1\/wp-json\/wp\/v2\/media?parent=141073"}],"wp:term":[{"taxonomy":"category","embeddable":true,"href":"https:\/\/www.blogdothame.blog.br\/v1\/wp-json\/wp\/v2\/categories?post=141073"},{"taxonomy":"post_tag","embeddable":true,"href":"https:\/\/www.blogdothame.blog.br\/v1\/wp-json\/wp\/v2\/tags?post=141073"}],"curies":[{"name":"wp","href":"https:\/\/api.w.org\/{rel}","templated":true}]}}