{"id":141064,"date":"2022-09-28T11:35:28","date_gmt":"2022-09-28T14:35:28","guid":{"rendered":"http:\/\/www.blogdothame.blog.br\/v1\/?p=141064"},"modified":"2022-09-27T17:38:30","modified_gmt":"2022-09-27T20:38:30","slug":"chocolat-festival-amazonia-gera-15-milhoes-de-negocios","status":"publish","type":"post","link":"https:\/\/www.blogdothame.blog.br\/v1\/2022\/09\/28\/chocolat-festival-amazonia-gera-15-milhoes-de-negocios\/","title":{"rendered":"Chocolat Festival Amaz\u00f4nia gera 15 milh\u00f5es de neg\u00f3cios"},"content":{"rendered":"<div dir=\"auto\"><img loading=\"lazy\" class=\"wp-image-141066 aligncenter\" src=\"http:\/\/www.blogdothame.blog.br\/v1\/wp-content\/uploads\/2022\/09\/choc-amazonia-1.jpg\" alt=\"\" width=\"444\" height=\"296\" srcset=\"https:\/\/www.blogdothame.blog.br\/v1\/wp-content\/uploads\/2022\/09\/choc-amazonia-1.jpg 600w, https:\/\/www.blogdothame.blog.br\/v1\/wp-content\/uploads\/2022\/09\/choc-amazonia-1-300x200.jpg 300w\" sizes=\"(max-width: 444px) 100vw, 444px\" \/><\/div>\n<div dir=\"auto\">Chegou ao fim, nesse domingo (25), o Chocolat Amaz\u00f4nia e Flor \u2014 VII Festival Internacional do Chocolate e Cacau, realizado no Hangar \u2014 Centro de Conven\u00e7\u00f5es e Feiras da Amaz\u00f4nia, em Bel\u00e9m, no Par\u00e1. O evento mostrou por que veio para ficar: por l\u00e1, passaram 25 mil visitantes e foram gerados 15 milh\u00f5es de neg\u00f3cios.<\/div>\n<div dir=\"auto\"><\/div>\n<div dir=\"auto\">Ao longo de seus quatro dias, a s\u00e9tima edi\u00e7\u00e3o do festival na capital paraense contou com a presen\u00e7a de 160 expositores e 74 marcas de chocolate e cacau.<\/div>\n<div dir=\"auto\"><img loading=\"lazy\" class=\"aligncenter size-medium wp-image-141065\" src=\"http:\/\/www.blogdothame.blog.br\/v1\/wp-content\/uploads\/2022\/09\/choc-amazonia-2-300x200.jpg\" alt=\"\" width=\"300\" height=\"200\" srcset=\"https:\/\/www.blogdothame.blog.br\/v1\/wp-content\/uploads\/2022\/09\/choc-amazonia-2-300x200.jpg 300w, https:\/\/www.blogdothame.blog.br\/v1\/wp-content\/uploads\/2022\/09\/choc-amazonia-2.jpg 515w\" sizes=\"(max-width: 300px) 100vw, 300px\" \/><\/div>\n<div dir=\"auto\"><\/div>\n<div dir=\"auto\">O Chocolat Amaz\u00f4nia e Flor foi promovido pela MVU Eventos, detentora da marca para o Brasil e exterior, e pelo Governo do Par\u00e1, atrav\u00e9s da Secretaria de Desenvolvimento Agropecu\u00e1rio e de Pesca, com o apoio da Gencau, Associa\u00e7\u00e3o Brasileira de Bares e Restaurantes (Abrasel), Solidaridad, Universidade da Amaz\u00f4nia (Unama), Sistema OCB\/PA e The Nature Conservancy.<\/div>\n<div dir=\"auto\"><\/div>\n<div dir=\"auto\"><\/div>\n<p><!--more--><\/p>\n<div dir=\"auto\"><\/div>\n<div dir=\"auto\">Sobre o Chocolat Festival<\/div>\n<div dir=\"auto\"><\/div>\n<div dir=\"auto\">Em 2022, o Chocolat Festival tamb\u00e9m j\u00e1 passou por Salvador (BA), Altamira (PA), Ilh\u00e9us (BA) e Linhares (ES). Neste ano, ainda est\u00e3o previstos um desembarque dom\u00e9stico, em S\u00e3o Paulo (SP), em dezembro, e um internacional, em Porto (Portugal), no m\u00eas que vem.<\/div>\n<div dir=\"auto\"><\/div>\n<div dir=\"auto\">Realizado desde 2009, o festival \u00e9 considerado o maior evento de chocolate de origem da Am\u00e9rica Latina e re\u00fane toda a cadeia produtiva do cacau, desde o fruto at\u00e9 o produto final. J\u00e1 s\u00e3o mais de 20 edi\u00e7\u00f5es realizadas entre Bahia, Par\u00e1 e S\u00e3o Paulo, levando diversas marcas de chocolate de origem, bean to bar, premium e gourmet.<\/div>\n<div dir=\"auto\"><\/div>\n<div dir=\"auto\">Mais detalhes est\u00e3o dispon\u00edveis no site\u00a0<a href=\"http:\/\/chocolatfestival.com\/\" target=\"_blank\" rel=\"noopener\" data-saferedirecturl=\"https:\/\/www.google.com\/url?q=http:\/\/chocolatfestival.com\/&amp;source=gmail&amp;ust=1664394585793000&amp;usg=AOvVaw29rhcCPbqc4tPPipJJP1G7\">chocolatfestival.com<\/a>.<\/div>\n<div dir=\"auto\">&#8230;<\/div>\n","protected":false},"excerpt":{"rendered":"<p>Chegou ao fim, nesse domingo (25), o Chocolat Amaz\u00f4nia e Flor \u2014 VII Festival Internacional do Chocolate e Cacau, realizado no Hangar \u2014 Centro de Conven\u00e7\u00f5es e Feiras da Amaz\u00f4nia, em Bel\u00e9m, no Par\u00e1. O evento mostrou por que veio para ficar: por l\u00e1, passaram 25 mil visitantes e foram gerados 15 milh\u00f5es de neg\u00f3cios. [&hellip;]<\/p>\n","protected":false},"author":2,"featured_media":141066,"comment_status":"open","ping_status":"open","sticky":false,"template":"","format":"standard","meta":{"_links_to":"","_links_to_target":""},"categories":[33436],"tags":[12898,33812,1021],"_links":{"self":[{"href":"https:\/\/www.blogdothame.blog.br\/v1\/wp-json\/wp\/v2\/posts\/141064"}],"collection":[{"href":"https:\/\/www.blogdothame.blog.br\/v1\/wp-json\/wp\/v2\/posts"}],"about":[{"href":"https:\/\/www.blogdothame.blog.br\/v1\/wp-json\/wp\/v2\/types\/post"}],"author":[{"embeddable":true,"href":"https:\/\/www.blogdothame.blog.br\/v1\/wp-json\/wp\/v2\/users\/2"}],"replies":[{"embeddable":true,"href":"https:\/\/www.blogdothame.blog.br\/v1\/wp-json\/wp\/v2\/comments?post=141064"}],"version-history":[{"count":1,"href":"https:\/\/www.blogdothame.blog.br\/v1\/wp-json\/wp\/v2\/posts\/141064\/revisions"}],"predecessor-version":[{"id":141067,"href":"https:\/\/www.blogdothame.blog.br\/v1\/wp-json\/wp\/v2\/posts\/141064\/revisions\/141067"}],"wp:featuredmedia":[{"embeddable":true,"href":"https:\/\/www.blogdothame.blog.br\/v1\/wp-json\/wp\/v2\/media\/141066"}],"wp:attachment":[{"href":"https:\/\/www.blogdothame.blog.br\/v1\/wp-json\/wp\/v2\/media?parent=141064"}],"wp:term":[{"taxonomy":"category","embeddable":true,"href":"https:\/\/www.blogdothame.blog.br\/v1\/wp-json\/wp\/v2\/categories?post=141064"},{"taxonomy":"post_tag","embeddable":true,"href":"https:\/\/www.blogdothame.blog.br\/v1\/wp-json\/wp\/v2\/tags?post=141064"}],"curies":[{"name":"wp","href":"https:\/\/api.w.org\/{rel}","templated":true}]}}