{"id":139801,"date":"2022-08-31T06:32:37","date_gmt":"2022-08-31T09:32:37","guid":{"rendered":"http:\/\/www.blogdothame.blog.br\/v1\/?p=139801"},"modified":"2022-08-30T14:35:18","modified_gmt":"2022-08-30T17:35:18","slug":"moradores-de-aurelino-leal-marau-e-barra-grande-podem-receber-lampadas-de-led-de-forma-gratuita","status":"publish","type":"post","link":"https:\/\/www.blogdothame.blog.br\/v1\/2022\/08\/31\/moradores-de-aurelino-leal-marau-e-barra-grande-podem-receber-lampadas-de-led-de-forma-gratuita\/","title":{"rendered":"Moradores de Aurelino Leal, Mara\u00fa e Barra Grande podem receber l\u00e2mpadas de LED de forma gratuita"},"content":{"rendered":"<p><img loading=\"lazy\" class=\"alignright size-medium wp-image-139802\" src=\"http:\/\/www.blogdothame.blog.br\/v1\/wp-content\/uploads\/2022\/08\/led-300x298.jpg\" alt=\"\" width=\"300\" height=\"298\" srcset=\"https:\/\/www.blogdothame.blog.br\/v1\/wp-content\/uploads\/2022\/08\/led-300x298.jpg 300w, https:\/\/www.blogdothame.blog.br\/v1\/wp-content\/uploads\/2022\/08\/led-150x150.jpg 150w, https:\/\/www.blogdothame.blog.br\/v1\/wp-content\/uploads\/2022\/08\/led-768x764.jpg 768w, https:\/\/www.blogdothame.blog.br\/v1\/wp-content\/uploads\/2022\/08\/led.jpg 934w\" sizes=\"(max-width: 300px) 100vw, 300px\" \/>A Neoenergia Coelba estar\u00e1 oferecendo, a partir desta ter\u00e7a-feira (30), a troca de l\u00e2mpadas ineficientes por LED gratuitamente nos munic\u00edpios de Aurelino Leal, Mara\u00fa e Barra Grande. Durante a semana, a unidade m\u00f3vel do projeto Energia Com Cidadania estar\u00e1 estacionada em vias das localidades\u00a0com\u00a0equipes da distribuidora para a troca das l\u00e2mpadas. A iniciativa integra o\u00a0programa de Efici\u00eancia Energ\u00e9tica da distribuidora, regulado pela Ag\u00eancia Nacional de Energia El\u00e9trica (Aneel). Confira os locais e hor\u00e1rios no final do texto.<\/p>\n<p>&nbsp;<\/p>\n<p>O projeto Energia com Cidadania funciona da seguinte forma: o cliente entrega a l\u00e2mpada ineficiente, que pode ser fluorescente, incandescente ou hal\u00f3gena, de pot\u00eancia igual ou superior a 14 Watts, e recebe uma l\u00e2mpada LED, que consome at\u00e9 40% menos do que as demais. Cada cliente poder\u00e1 trocar at\u00e9 cinco unidades por conta contrato com a concession\u00e1ria. Estar\u00e3o eleg\u00edveis para participar os clientes residenciais\u00a0cadastrados na Tarifa Social de Energia El\u00e9trica (TSEE) ou residentes em comunidades populares com conex\u00e3o regular no fornecimento de energia el\u00e9trica. Al\u00e9m disso \u00e9 necess\u00e1rio comparecer ao local com a \u00faltima fatura quitada em m\u00e3os. Caso, nos \u00faltimos seis anos, o cliente j\u00e1 tenha recebido um total de oito l\u00e2mpadas entregues pela Neoenergia Coelba, ele n\u00e3o poder\u00e1 ser beneficiado novamente.<\/p>\n<p><!--more--><\/p>\n<p>O Energia com Cidadania \u00e9 desenvolvido a partir do Programa de Efici\u00eancia Energ\u00e9tica da Neoenergia Coelba, regulado pela Ag\u00eancia Nacional de Energia El\u00e9trica (Aneel). O Projeto tem o objetivo de ensinar como as pessoas podem consumir energia el\u00e9trica de forma mais eficiente e segura, sem perder o conforto, adquirindo apenas novos h\u00e1bitos no dia a dia e substituindo equipamentos antigos por novos, mais eficientes. O resultado \u00e9 uma diminui\u00e7\u00e3o da conta de energia el\u00e9trica.<\/p>\n<p>&nbsp;<\/p>\n<p>Al\u00e9m da substitui\u00e7\u00e3o das l\u00e2mpadas, os profissionais da concession\u00e1ria estar\u00e3o orientando a comunidade sobre o uso seguro da energia el\u00e9trica e explicando sobre os servi\u00e7os oferecidos pela distribuidora.<\/p>\n","protected":false},"excerpt":{"rendered":"<p>A Neoenergia Coelba estar\u00e1 oferecendo, a partir desta ter\u00e7a-feira (30), a troca de l\u00e2mpadas ineficientes por LED gratuitamente nos munic\u00edpios de Aurelino Leal, Mara\u00fa e Barra Grande. Durante a semana, a unidade m\u00f3vel do projeto Energia Com Cidadania estar\u00e1 estacionada em vias das localidades\u00a0com\u00a0equipes da distribuidora para a troca das l\u00e2mpadas. A iniciativa integra o\u00a0programa [&hellip;]<\/p>\n","protected":false},"author":2,"featured_media":139802,"comment_status":"open","ping_status":"open","sticky":false,"template":"","format":"standard","meta":{"_links_to":"","_links_to_target":""},"categories":[1],"tags":[1196,8700,858,32361,1633],"_links":{"self":[{"href":"https:\/\/www.blogdothame.blog.br\/v1\/wp-json\/wp\/v2\/posts\/139801"}],"collection":[{"href":"https:\/\/www.blogdothame.blog.br\/v1\/wp-json\/wp\/v2\/posts"}],"about":[{"href":"https:\/\/www.blogdothame.blog.br\/v1\/wp-json\/wp\/v2\/types\/post"}],"author":[{"embeddable":true,"href":"https:\/\/www.blogdothame.blog.br\/v1\/wp-json\/wp\/v2\/users\/2"}],"replies":[{"embeddable":true,"href":"https:\/\/www.blogdothame.blog.br\/v1\/wp-json\/wp\/v2\/comments?post=139801"}],"version-history":[{"count":1,"href":"https:\/\/www.blogdothame.blog.br\/v1\/wp-json\/wp\/v2\/posts\/139801\/revisions"}],"predecessor-version":[{"id":139803,"href":"https:\/\/www.blogdothame.blog.br\/v1\/wp-json\/wp\/v2\/posts\/139801\/revisions\/139803"}],"wp:featuredmedia":[{"embeddable":true,"href":"https:\/\/www.blogdothame.blog.br\/v1\/wp-json\/wp\/v2\/media\/139802"}],"wp:attachment":[{"href":"https:\/\/www.blogdothame.blog.br\/v1\/wp-json\/wp\/v2\/media?parent=139801"}],"wp:term":[{"taxonomy":"category","embeddable":true,"href":"https:\/\/www.blogdothame.blog.br\/v1\/wp-json\/wp\/v2\/categories?post=139801"},{"taxonomy":"post_tag","embeddable":true,"href":"https:\/\/www.blogdothame.blog.br\/v1\/wp-json\/wp\/v2\/tags?post=139801"}],"curies":[{"name":"wp","href":"https:\/\/api.w.org\/{rel}","templated":true}]}}