{"id":139706,"date":"2022-08-26T16:20:32","date_gmt":"2022-08-26T19:20:32","guid":{"rendered":"http:\/\/www.blogdothame.blog.br\/v1\/?p=139706"},"modified":"2022-08-26T15:23:26","modified_gmt":"2022-08-26T18:23:26","slug":"estado-da-bahia-vai-parcelar-icms-para-lojistas-da-liquida-bahia-2022","status":"publish","type":"post","link":"https:\/\/www.blogdothame.blog.br\/v1\/2022\/08\/26\/estado-da-bahia-vai-parcelar-icms-para-lojistas-da-liquida-bahia-2022\/","title":{"rendered":"Estado da Bahia vai parcelar ICMS para lojistas da Liquida Bahia 2022"},"content":{"rendered":"<p><img loading=\"lazy\" class=\"alignright size-full wp-image-139707\" src=\"http:\/\/www.blogdothame.blog.br\/v1\/wp-content\/uploads\/2022\/08\/liquida-bahia.jpg\" alt=\"\" width=\"287\" height=\"175\" \/>O Estado da Bahia, por meio da Secretaria da Fazenda (Sefaz-Ba), vai parcelar em tr\u00eas vezes o pagamento do ICMS de setembro pelos lojistas baianos participantes da campanha Liquida Bahia 2022, promovida pela Federa\u00e7\u00e3o das C\u00e2maras de Dirigentes Lojistas do Estado da Bahia \u2013 FCDL. A campanha tem in\u00edcio no pr\u00f3ximo dia 26 e se encerra em 5 de setembro.<\/p>\n<p>O parcelamento est\u00e1 previsto em decreto publicado na edi\u00e7\u00e3o desta ter\u00e7a-feira (23) do Di\u00e1rio Oficial do Estado. De acordo com o decreto, o pagamento das parcelas do ICMS deve ser efetivado nos dias 10 de outubro, 9 de novembro e 9 de dezembro. A Liquida Bahia \u00e9 uma estrat\u00e9gia do com\u00e9rcio para alavancar as vendas em um per\u00edodo de menor demanda por parte do mercado.<\/p>\n<p>Os contribuintes varejistas regularmente inscritos no cadastro do ICMS que aderirem \u00e0 campanha podem ainda parcelar os d\u00e9bitos decorrentes do recolhimento por antecipa\u00e7\u00e3o tribut\u00e1ria relativo \u00e0s aquisi\u00e7\u00f5es interestaduais de mercadorias. Neste caso, ser\u00e3o parcelados os d\u00e9bitos referentes a compras efetuadas durante o m\u00eas de agosto, e o pagamento vai ocorrer em tr\u00eas parcelas a serem pagas nos dias 26 de setembro, 25 de outubro e 25 de novembro.<\/p>\n<p><!--more--><\/p>\n<p>A FCDL ficar\u00e1 respons\u00e1vel por encaminhar para a Sefaz-Ba, at\u00e9 o dia 30 de setembro, a rela\u00e7\u00e3o dos contribuintes vinculados \u00e0 campanha. O benef\u00edcio n\u00e3o se aplica \u00e0s opera\u00e7\u00f5es sujeitas ao pagamento do ICMS pelo Regime Especial Unificado de Arrecada\u00e7\u00e3o de Tributos e aos contribuintes do Simples Nacional, j\u00e1 que o recolhimento dos tributos dessas empresas \u00e9 feito por meio da Receita Federal.<\/p>\n<p>Tamb\u00e9m n\u00e3o fazem jus aos prazos especiais de pagamento do ICMS os contribuintes que atuam no com\u00e9rcio de autom\u00f3veis, camionetas, utilit\u00e1rios, motocicletas e motonetas novos, de caminh\u00f5es, reboques e semi-reboques, \u00f4nibus e micro\u00f4nibus novos e usados, e tamb\u00e9m de mercadorias em geral, com predomin\u00e2ncia de produtos aliment\u00edcios, como hipermercados e supermercados.<\/p>\n","protected":false},"excerpt":{"rendered":"<p>O Estado da Bahia, por meio da Secretaria da Fazenda (Sefaz-Ba), vai parcelar em tr\u00eas vezes o pagamento do ICMS de setembro pelos lojistas baianos participantes da campanha Liquida Bahia 2022, promovida pela Federa\u00e7\u00e3o das C\u00e2maras de Dirigentes Lojistas do Estado da Bahia \u2013 FCDL. A campanha tem in\u00edcio no pr\u00f3ximo dia 26 e se [&hellip;]<\/p>\n","protected":false},"author":2,"featured_media":139707,"comment_status":"open","ping_status":"open","sticky":false,"template":"","format":"standard","meta":{"_links_to":"","_links_to_target":""},"categories":[1],"tags":[25911,3091,33536],"_links":{"self":[{"href":"https:\/\/www.blogdothame.blog.br\/v1\/wp-json\/wp\/v2\/posts\/139706"}],"collection":[{"href":"https:\/\/www.blogdothame.blog.br\/v1\/wp-json\/wp\/v2\/posts"}],"about":[{"href":"https:\/\/www.blogdothame.blog.br\/v1\/wp-json\/wp\/v2\/types\/post"}],"author":[{"embeddable":true,"href":"https:\/\/www.blogdothame.blog.br\/v1\/wp-json\/wp\/v2\/users\/2"}],"replies":[{"embeddable":true,"href":"https:\/\/www.blogdothame.blog.br\/v1\/wp-json\/wp\/v2\/comments?post=139706"}],"version-history":[{"count":1,"href":"https:\/\/www.blogdothame.blog.br\/v1\/wp-json\/wp\/v2\/posts\/139706\/revisions"}],"predecessor-version":[{"id":139708,"href":"https:\/\/www.blogdothame.blog.br\/v1\/wp-json\/wp\/v2\/posts\/139706\/revisions\/139708"}],"wp:featuredmedia":[{"embeddable":true,"href":"https:\/\/www.blogdothame.blog.br\/v1\/wp-json\/wp\/v2\/media\/139707"}],"wp:attachment":[{"href":"https:\/\/www.blogdothame.blog.br\/v1\/wp-json\/wp\/v2\/media?parent=139706"}],"wp:term":[{"taxonomy":"category","embeddable":true,"href":"https:\/\/www.blogdothame.blog.br\/v1\/wp-json\/wp\/v2\/categories?post=139706"},{"taxonomy":"post_tag","embeddable":true,"href":"https:\/\/www.blogdothame.blog.br\/v1\/wp-json\/wp\/v2\/tags?post=139706"}],"curies":[{"name":"wp","href":"https:\/\/api.w.org\/{rel}","templated":true}]}}