{"id":139651,"date":"2022-08-26T11:53:24","date_gmt":"2022-08-26T14:53:24","guid":{"rendered":"http:\/\/www.blogdothame.blog.br\/v1\/?p=139651"},"modified":"2022-08-26T09:58:39","modified_gmt":"2022-08-26T12:58:39","slug":"exposicao-toponimia-de-itabuna-entra-na-ultima-semana","status":"publish","type":"post","link":"https:\/\/www.blogdothame.blog.br\/v1\/2022\/08\/26\/exposicao-toponimia-de-itabuna-entra-na-ultima-semana\/","title":{"rendered":"Exposi\u00e7\u00e3o Topon\u00edmia de Itabuna entra na \u00faltima semana"},"content":{"rendered":"<p><img loading=\"lazy\" class=\"aligncenter size-medium wp-image-139652\" src=\"http:\/\/www.blogdothame.blog.br\/v1\/wp-content\/uploads\/2022\/08\/centro-ibt-1-300x225.jpg\" alt=\"\" width=\"300\" height=\"225\" srcset=\"https:\/\/www.blogdothame.blog.br\/v1\/wp-content\/uploads\/2022\/08\/centro-ibt-1-300x225.jpg 300w, https:\/\/www.blogdothame.blog.br\/v1\/wp-content\/uploads\/2022\/08\/centro-ibt-1.jpg 410w\" sizes=\"(max-width: 300px) 100vw, 300px\" \/>A exposi\u00e7\u00e3o fotogr\u00e1fica \u201cTopon\u00edmia de Itabuna: Ruas e Avenidas que revelam Hist\u00f3rias\u201d, em cartaz em Itabuna, no Centro Cultural Teos\u00f3polis, at\u00e9 o dia 2 de setembro, entra na sua fase final recebendo nessa \u00faltima semana, alunos do Col\u00e9gio Divina Provid\u00eancia. \u201cEst\u00e1 agendada a visita dos alunos do Col\u00e9gio Divina Provid\u00eancia que vir\u00e3o conhecer a hist\u00f3ria do nosso munic\u00edpio\u201d, disse a curadora do Centro Cultural Teos\u00f3polis, professora Janete Ruiz de Macedo.<br \/>\nRealizada em parceria com a Universidade Estadual de Santa Cruz(UESC) atrav\u00e9s do Centro de Documenta\u00e7\u00e3o e Mem\u00f3ria(CEDOC), a exposi\u00e7\u00e3o que \u00e9 aberta gratuitamente ao p\u00fablico, desde sua inaugura\u00e7\u00e3o no m\u00eas de maio, j\u00e1 recebeu a visita de764 pessoas.<\/p>\n<p><img loading=\"lazy\" class=\"aligncenter size-medium wp-image-139653\" src=\"http:\/\/www.blogdothame.blog.br\/v1\/wp-content\/uploads\/2022\/08\/centro-ibt-2-169x300.jpg\" alt=\"\" width=\"169\" height=\"300\" srcset=\"https:\/\/www.blogdothame.blog.br\/v1\/wp-content\/uploads\/2022\/08\/centro-ibt-2-169x300.jpg 169w, https:\/\/www.blogdothame.blog.br\/v1\/wp-content\/uploads\/2022\/08\/centro-ibt-2.jpg 360w\" sizes=\"(max-width: 169px) 100vw, 169px\" \/><br \/>\nEla recupera a hist\u00f3ria de Itabuna, por meio dos seus personagens, desbravadores que constru\u00edram e fizeram a hist\u00f3ria do munic\u00edpio sul baiano. Dentre as centenas de visitantes que j\u00e1 recebeu, est\u00e3o, principalmente, alunos de escolas p\u00fablicas e privadas, a exemplo da Escola Montessoriana Acalanto, Col\u00e9gio Estadual Luiz Eduardo Magalh\u00e3es, Escola Pio XII, Instituto Municipal Teos\u00f3polis, Col\u00e9gio Batista de Itabuna, entre outras.<br \/>\n\u201cA exposi\u00e7\u00e3o traz para nossos jovens a compreens\u00e3o de como foi constru\u00edda a nossa Itabuna\u201d, explica o reitor da Universidade Estadual de Santa Cruz, Alessandro Fernandes.\u201c\u00c9 uma oportunidade para que a nossa popula\u00e7\u00e3o possa conhecer a nossa hist\u00f3ria\u201d, diz a Professora Janete.<\/p>\n<p><!--more--><br \/>\nA exposi\u00e7\u00e3o \u00e9 um verdadeiro sobrevoo sobre o munic\u00edpio. No passeio por Itabuna, por meio de pain\u00e9is, \u00e9 relatada a hist\u00f3ria de vida do Comendador Firmino Alves, Olinto Leone, Aziz Maron, M\u00e1rio Padre, Bar\u00e3o do Rio Branco, In\u00e1cio Tosta Filho, Lafayete Borborema, Juraci Magalh\u00e3es, Felix Mendon\u00e7a, Jos\u00e9 Soares Pinheiro, Corbiniano Freire, Gileno Amado, Am\u00e9lia Amado.<\/p>\n<p><img loading=\"lazy\" class=\"aligncenter size-medium wp-image-139654\" src=\"http:\/\/www.blogdothame.blog.br\/v1\/wp-content\/uploads\/2022\/08\/centro-ibt-3-225x300.jpg\" alt=\"\" width=\"225\" height=\"300\" srcset=\"https:\/\/www.blogdothame.blog.br\/v1\/wp-content\/uploads\/2022\/08\/centro-ibt-3-225x300.jpg 225w, https:\/\/www.blogdothame.blog.br\/v1\/wp-content\/uploads\/2022\/08\/centro-ibt-3.jpg 308w\" sizes=\"(max-width: 225px) 100vw, 225px\" \/><\/p>\n<p>Conta ainda o legado do Pastor H\u00e9lio Louren\u00e7o, Fernando Cordier, Manoel Le\u00e3o, Laura Concei\u00e7\u00e3o, Jo\u00e3o Soares, Maria Pinheiro, Daniel Gomes, Sim\u00e3o Fitterman, Jos\u00e9 Alc\u00e2ntara, Sarinha Alc\u00e2ntara, Paulino Vieira e outros personagens que d\u00e3o nome a ruas e bairros de Itabuna, verdadeiros desbravadores e benem\u00e9ritos do munic\u00edpio.<br \/>\nVisitas \u00e0 exposi\u00e7\u00e3o podem ser agendadas pelo telefone (73) 9 8870-9586.<\/p>\n<p>Uma nova exposi\u00e7\u00e3o, esta alusiva a evento da nacionalidade brasileira, denominada \u201cBicenten\u00e1rio da independ\u00eancia do Brasil\u201d, ser\u00e1 inaugurada no dia 19 de setembro. O Centro Cultural Teos\u00f3polis \u00e9 mantido pela Associa\u00e7\u00e3o de Benefic\u00eancia e Cultura Teos\u00f3polis, em parceria com a Universidade Estadual de Santa Cruz e a Prefeitura de Itabuna por meio da secretaria de Educa\u00e7\u00e3o e da Funda\u00e7\u00e3o Itabunense de Cultura e Cidadania. \u201cO Centro pertence a Itabuna e seu povo, \u00e9 um bem cultural para nossa gente\u201d, diz o Pastor Geraldo Meireles, da Igreja Batista Teos\u00f3polis.<\/p>\n","protected":false},"excerpt":{"rendered":"<p>A exposi\u00e7\u00e3o fotogr\u00e1fica \u201cTopon\u00edmia de Itabuna: Ruas e Avenidas que revelam Hist\u00f3rias\u201d, em cartaz em Itabuna, no Centro Cultural Teos\u00f3polis, at\u00e9 o dia 2 de setembro, entra na sua fase final recebendo nessa \u00faltima semana, alunos do Col\u00e9gio Divina Provid\u00eancia. \u201cEst\u00e1 agendada a visita dos alunos do Col\u00e9gio Divina Provid\u00eancia que vir\u00e3o conhecer a hist\u00f3ria [&hellip;]<\/p>\n","protected":false},"author":2,"featured_media":139652,"comment_status":"open","ping_status":"open","sticky":false,"template":"","format":"standard","meta":{"_links_to":"","_links_to_target":""},"categories":[33434],"tags":[32745,17884,33522],"_links":{"self":[{"href":"https:\/\/www.blogdothame.blog.br\/v1\/wp-json\/wp\/v2\/posts\/139651"}],"collection":[{"href":"https:\/\/www.blogdothame.blog.br\/v1\/wp-json\/wp\/v2\/posts"}],"about":[{"href":"https:\/\/www.blogdothame.blog.br\/v1\/wp-json\/wp\/v2\/types\/post"}],"author":[{"embeddable":true,"href":"https:\/\/www.blogdothame.blog.br\/v1\/wp-json\/wp\/v2\/users\/2"}],"replies":[{"embeddable":true,"href":"https:\/\/www.blogdothame.blog.br\/v1\/wp-json\/wp\/v2\/comments?post=139651"}],"version-history":[{"count":1,"href":"https:\/\/www.blogdothame.blog.br\/v1\/wp-json\/wp\/v2\/posts\/139651\/revisions"}],"predecessor-version":[{"id":139655,"href":"https:\/\/www.blogdothame.blog.br\/v1\/wp-json\/wp\/v2\/posts\/139651\/revisions\/139655"}],"wp:featuredmedia":[{"embeddable":true,"href":"https:\/\/www.blogdothame.blog.br\/v1\/wp-json\/wp\/v2\/media\/139652"}],"wp:attachment":[{"href":"https:\/\/www.blogdothame.blog.br\/v1\/wp-json\/wp\/v2\/media?parent=139651"}],"wp:term":[{"taxonomy":"category","embeddable":true,"href":"https:\/\/www.blogdothame.blog.br\/v1\/wp-json\/wp\/v2\/categories?post=139651"},{"taxonomy":"post_tag","embeddable":true,"href":"https:\/\/www.blogdothame.blog.br\/v1\/wp-json\/wp\/v2\/tags?post=139651"}],"curies":[{"name":"wp","href":"https:\/\/api.w.org\/{rel}","templated":true}]}}