{"id":139606,"date":"2022-08-25T05:24:24","date_gmt":"2022-08-25T08:24:24","guid":{"rendered":"http:\/\/www.blogdothame.blog.br\/v1\/?p=139606"},"modified":"2022-08-24T17:28:57","modified_gmt":"2022-08-24T20:28:57","slug":"lula-anuncia-a-volta-do-minha-casa-minha-vida-em-encontro-com-construcao-civil","status":"publish","type":"post","link":"https:\/\/www.blogdothame.blog.br\/v1\/2022\/08\/25\/lula-anuncia-a-volta-do-minha-casa-minha-vida-em-encontro-com-construcao-civil\/","title":{"rendered":"Lula anuncia a volta do Minha Casa, Minha Vida em encontro com constru\u00e7\u00e3o civil"},"content":{"rendered":"<p><img loading=\"lazy\" class=\"alignright size-medium wp-image-139607\" src=\"http:\/\/www.blogdothame.blog.br\/v1\/wp-content\/uploads\/2022\/08\/lula-civil-300x186.jpg\" alt=\"\" width=\"300\" height=\"186\" srcset=\"https:\/\/www.blogdothame.blog.br\/v1\/wp-content\/uploads\/2022\/08\/lula-civil-300x186.jpg 300w, https:\/\/www.blogdothame.blog.br\/v1\/wp-content\/uploads\/2022\/08\/lula-civil-768x477.jpg 768w, https:\/\/www.blogdothame.blog.br\/v1\/wp-content\/uploads\/2022\/08\/lula-civil.jpg 1024w\" sizes=\"(max-width: 300px) 100vw, 300px\" \/>Em conversa com lideran\u00e7as de entidades da constru\u00e7\u00e3o civil em S\u00e3o Paulo (SP), o ex-presidente Luiz In\u00e1cio Lula da Silva anunciou a volta do Minha Casa, Minha Vida.\u00a0\u201cSe a gente ganhar as elei\u00e7\u00f5es, a partir de 1\u00ba de janeiro, a primeira coisa que quero fazer e dizer a voc\u00eas \u00e9 que o\u00a0Minha Casa, Minha Vida vai voltar a ser um programa de governo, e a gente sabe da necessidade de adequar a taxa de juros \u00e0 possibilidade de sobreviv\u00eancia de quem quer fazer investimento\u201d, disse ap\u00f3s receber de Rodrigo Luna, presidente do Secovi-SP, documento com prioridades do setor.<\/p>\n<p>Lula lembrou da primeira vers\u00e3o do programa, criado em 2009, e que respondeu, at\u00e9 2016, por R$ 300 bilh\u00f5es de investimentos, e afirmou que o Estado tamb\u00e9m precisa criar condi\u00e7\u00f5es para, por meio do or\u00e7amento da Uni\u00e3o ou por financiamento dos bancos p\u00fablicos, garantir que as casas sejam constru\u00eddas, especialmente para as popula\u00e7\u00f5es que mais precisam.<\/p>\n<p><!--more--><\/p>\n<p><img loading=\"lazy\" class=\"alignleft size-medium wp-image-139608\" src=\"http:\/\/www.blogdothame.blog.br\/v1\/wp-content\/uploads\/2022\/08\/lula-civil-2-300x123.jpeg\" alt=\"\" width=\"300\" height=\"123\" srcset=\"https:\/\/www.blogdothame.blog.br\/v1\/wp-content\/uploads\/2022\/08\/lula-civil-2-300x123.jpeg 300w, https:\/\/www.blogdothame.blog.br\/v1\/wp-content\/uploads\/2022\/08\/lula-civil-2.jpeg 768w\" sizes=\"(max-width: 300px) 100vw, 300px\" \/>A um grupo formado tamb\u00e9m por Jos\u00e9 Carlos Martins, presidente da C\u00e2mara Brasileira da Ind\u00fastria da Constru\u00e7\u00e3o (CBIC); Yorki Estefan, vice-presidente do Sinduscon-SP; Romeu Chap, ex-presidente do Secovi-SP, e Jos\u00e9 Romeu Ferraz Neto \u2013 presidente da Fiabci \u2013 Brasil Federa\u00e7\u00e3o Internacional Imobili\u00e1ria, Lula destacou a import\u00e2ncia da constru\u00e7\u00e3o para a retomada do crescimento econ\u00f4mico e gera\u00e7\u00e3o de empregos.<\/p>\n<p>Ele afirmou que, assim como a primeira vers\u00e3o do Minha Casa Minha Vida, a segunda n\u00e3o ser\u00e1 um programa constru\u00eddo do gabinete da Presid\u00eancia da Rep\u00fablica, mas em di\u00e1logo com o setor, al\u00e9m de governadores e prefeitos.<\/p>\n<p>O ex-presidente Lula destacou que o a gera\u00e7\u00e3o de emprego segue como obsess\u00e3o. A primeira vers\u00e3o do Minha Casa, Minha Vida respondeu pela gera\u00e7\u00e3o de 1,7 milh\u00e3o de postos de trabalho, entre 2009 e 2016, quando foram contratadas 4,2 milh\u00f5es de unidades, beneficiando 10 milh\u00f5es de pessoas. O ex-governador Geraldo Alckmin tamb\u00e9m destacou a import\u00e2ncia da constru\u00e7\u00e3o civil para a economia e disse que, num novo governo Lula, um programa turbinado vai estimular a gera\u00e7\u00e3o de empregos.<\/p>\n<p>&nbsp;<\/p>\n<p>Pol\u00edticas p\u00fablicas mudaram setor de habita\u00e7\u00e3o<br \/>\nPresente no encontro, o ex-ministro Aloizio Mercadante, coordenador do programa de governo da Coliga\u00e7\u00e3o Brasil da Esperan\u00e7a tamb\u00e9m pontuou a import\u00e2ncia do setor da constru\u00e7\u00e3o para o dinamismo da economia e lembrou das a\u00e7\u00f5es que os governos petistas fizeram para estimul\u00e1-lo. O Minha Casa, Minha Vida foi o ponto alto de um conjunto de medidas que mudaram para melhor a pol\u00edtica de habita\u00e7\u00e3o no Brasil.<\/p>\n<p>Ele citou o Fundo Nacional de Habita\u00e7\u00e3o de Interesse Social, em 2005, o Plano Nacional de Habita\u00e7\u00e3o, em 2008, mudan\u00e7a em alguns marcos regulat\u00f3rio do setor imobili\u00e1rio, que estimularam investimento, regime especial de tributa\u00e7\u00e3o e o conselho Curador do FGTS, dentre outras medidas.<\/p>\n<p>\u201cSa\u00edmos de um patamar de R$ 2,2 bilh\u00f5es de investimento em constru\u00e7\u00e3o civil, em 2003, para R$ 100 bilh\u00f5es, em 2013 e 2014. Um salto extraordin\u00e1rio e o setor acompanhou esse salto\u201d, disse, lembrando tamb\u00e9m que as empresas de constru\u00e7\u00e3o imobili\u00e1ria cresceram 48% o faturamento aumentou 54% e o emprego, 58%.<\/p>\n<p>\u201cParte desse resultado foi por essa constru\u00e7\u00e3o progressiva de aprimoramento do marco legal, de novos instrumentos de financiamento e, principalmente, de um grande programa que inovou porque a alavancagem da habita\u00e7\u00e3o, para a popula\u00e7\u00e3o de baixa renda, precisa ter subs\u00eddio do Estado, precisa ter fonte de financiamento\u201d, completou, acrescentando que constru\u00e7\u00e3o civil \u00e9 parceiro estrat\u00e9gico para um governo que tem a quest\u00e3o da gera\u00e7\u00e3o de emprego como objetivo da pol\u00edtica econ\u00f4mica.<\/p>\n<p>Fotos: Ricardo Stuckert<\/p>\n<p>&nbsp;<\/p>\n","protected":false},"excerpt":{"rendered":"<p>Em conversa com lideran\u00e7as de entidades da constru\u00e7\u00e3o civil em S\u00e3o Paulo (SP), o ex-presidente Luiz In\u00e1cio Lula da Silva anunciou a volta do Minha Casa, Minha Vida.\u00a0\u201cSe a gente ganhar as elei\u00e7\u00f5es, a partir de 1\u00ba de janeiro, a primeira coisa que quero fazer e dizer a voc\u00eas \u00e9 que o\u00a0Minha Casa, Minha Vida [&hellip;]<\/p>\n","protected":false},"author":2,"featured_media":139607,"comment_status":"open","ping_status":"open","sticky":false,"template":"","format":"standard","meta":{"_links_to":"","_links_to_target":""},"categories":[1],"tags":[7723,337,1594],"_links":{"self":[{"href":"https:\/\/www.blogdothame.blog.br\/v1\/wp-json\/wp\/v2\/posts\/139606"}],"collection":[{"href":"https:\/\/www.blogdothame.blog.br\/v1\/wp-json\/wp\/v2\/posts"}],"about":[{"href":"https:\/\/www.blogdothame.blog.br\/v1\/wp-json\/wp\/v2\/types\/post"}],"author":[{"embeddable":true,"href":"https:\/\/www.blogdothame.blog.br\/v1\/wp-json\/wp\/v2\/users\/2"}],"replies":[{"embeddable":true,"href":"https:\/\/www.blogdothame.blog.br\/v1\/wp-json\/wp\/v2\/comments?post=139606"}],"version-history":[{"count":1,"href":"https:\/\/www.blogdothame.blog.br\/v1\/wp-json\/wp\/v2\/posts\/139606\/revisions"}],"predecessor-version":[{"id":139609,"href":"https:\/\/www.blogdothame.blog.br\/v1\/wp-json\/wp\/v2\/posts\/139606\/revisions\/139609"}],"wp:featuredmedia":[{"embeddable":true,"href":"https:\/\/www.blogdothame.blog.br\/v1\/wp-json\/wp\/v2\/media\/139607"}],"wp:attachment":[{"href":"https:\/\/www.blogdothame.blog.br\/v1\/wp-json\/wp\/v2\/media?parent=139606"}],"wp:term":[{"taxonomy":"category","embeddable":true,"href":"https:\/\/www.blogdothame.blog.br\/v1\/wp-json\/wp\/v2\/categories?post=139606"},{"taxonomy":"post_tag","embeddable":true,"href":"https:\/\/www.blogdothame.blog.br\/v1\/wp-json\/wp\/v2\/tags?post=139606"}],"curies":[{"name":"wp","href":"https:\/\/api.w.org\/{rel}","templated":true}]}}