{"id":13918,"date":"2012-10-24T17:58:13","date_gmt":"2012-10-24T20:58:13","guid":{"rendered":"http:\/\/www.blogdothame.blog.br\/v1\/?p=13918"},"modified":"2012-10-24T17:58:13","modified_gmt":"2012-10-24T20:58:13","slug":"em-salvador-lula-diz-que-acm-neto-mente-sobre-o-bolsa-familia","status":"publish","type":"post","link":"https:\/\/www.blogdothame.blog.br\/v1\/2012\/10\/24\/em-salvador-lula-diz-que-acm-neto-mente-sobre-o-bolsa-familia\/","title":{"rendered":"EM SALVADOR, LULA DIZ QUE ACM NETO MENTE SOBRE O BOLSA FAM\u00cdLIA"},"content":{"rendered":"<p><a href=\"http:\/\/www.blogdothame.blog.br\/v1\/wp-content\/uploads\/2012\/10\/LULA-PELEG2.jpg\"><img loading=\"lazy\" class=\"aligncenter size-medium wp-image-13919\" title=\"LULA PELEG2\" src=\"http:\/\/www.blogdothame.blog.br\/v1\/wp-content\/uploads\/2012\/10\/LULA-PELEG2-300x224.jpg\" alt=\"\" width=\"300\" height=\"224\" srcset=\"https:\/\/www.blogdothame.blog.br\/v1\/wp-content\/uploads\/2012\/10\/LULA-PELEG2-300x224.jpg 300w, https:\/\/www.blogdothame.blog.br\/v1\/wp-content\/uploads\/2012\/10\/LULA-PELEG2.jpg 500w\" sizes=\"(max-width: 300px) 100vw, 300px\" \/><\/a><\/p>\n<p>O ex-presidente Lula disse hoje em Salvador que n\u00e3o iria \u201cfalar mal de ningu\u00e9m\u201d, mas acabou atacando o candidato a prefeito ACM Neto, do Democratas, a quem acusou de estar mentindo para ganhar votos do povo pobre. \u201cTem pol\u00edtico falando mentira s\u00f3rdida, dizendo que foi o av\u00f4 dele [ACM] que criou o Bolsa-Fam\u00edlia\u201d, afirmou. \u201cA Bolsa que eles criaram ficou s\u00f3 em fam\u00edlia\u201d, completou.<\/p>\n<p>Antes de chegar ao local do com\u00edcio, o Clube de Paripe, Lula desfilou em carro aberto por um conjunto de seis bairros da periferia de Salvador para promover o aliado Nelson Pelegrino (PT). O ex-presidente disse que completar\u00e1 67 anos no s\u00e1bado e, em nome da rela\u00e7\u00e3o com o eleitor e a cidade, queria de presente \u201ca elei\u00e7\u00e3o de Pelegrino\u201d.<\/p>\n<p>O ex-presidente explicou que o discurso seria r\u00e1pido porque ainda participaria de com\u00edcio do petista L\u00fadio Cabral em Cuiab\u00e1 (MT). Nos dez minutos de fala, ele aproveitou para fazer autocr\u00edtica ao dizer que os petistas t\u00eam o dever de conquistar as pessoas que est\u00e3o \u201cmagoadas, ressentidas\u201d com o partido. Em Salvador, o discurso soou como refer\u00eancia a duas classes de trabalhadores, policiais militares e professores.<\/p>\n<p>&#8211; N\u00f3s temos que reconquistar essas pessoas que est\u00e3o chateadas com alguma coisa que fizemos. \u00c9 conquistar olhando no olho \u2013 disse, mas sem fazer qualquer refer\u00eancia a esc\u00e2ndalos como o do Mensal\u00e3o.<\/p>\n<p><a href=\"http:\/\/www.blogdothame.blog.br\/v1\/wp-content\/uploads\/2012\/10\/LULA-PELEG.jpg\"><img loading=\"lazy\" class=\"alignright size-medium wp-image-13920\" title=\"LULA PELEG\" src=\"http:\/\/www.blogdothame.blog.br\/v1\/wp-content\/uploads\/2012\/10\/LULA-PELEG-300x199.jpg\" alt=\"\" width=\"300\" height=\"199\" srcset=\"https:\/\/www.blogdothame.blog.br\/v1\/wp-content\/uploads\/2012\/10\/LULA-PELEG-300x199.jpg 300w, https:\/\/www.blogdothame.blog.br\/v1\/wp-content\/uploads\/2012\/10\/LULA-PELEG.jpg 800w\" sizes=\"(max-width: 300px) 100vw, 300px\" \/><\/a>Lula ainda afirmou que os governos petistas nos n\u00edveis federal e estadual n\u00e3o t\u00eam responsabilidade pelo fracasso da gest\u00e3o de Jo\u00e3o Henrique (PP). \u201cN\u00e3o temos nenhuma responsabilidade se o atual prefeito \u00e9 um fracassado. Mas se isso aconteceu, a gente n\u00e3o pode votar no pior\u201d, afirmou numa estocada no aliado de Jo\u00e3o, ACM Neto, de quem lembrou ser o mesmo que lhe prometeu \u201cuma surra\u201d.<\/p>\n<p><strong>PELEGRINO E OL\u00cdVIA<\/strong><\/p>\n<p>O com\u00edcio foi encerrado com discursos da candidata a vice-prefeita na chapa de Pelegrino, Ol\u00edvia Santana (PCdoB), que fez cr\u00edticas ao modo DEM de fazer pol\u00edtica nessa campanha em Salvador. \u201cEles agora est\u00e3o procurando o Sub\u00farbio, mas nunca fizeram nada pelo povo da periferia. Votaram contra as cotas e quilombolas\u201d.<\/p>\n<p>O candidato a prefeito foi na mesma toada e disse que os governos do DEM (ex-PFL) n\u00e3o constru\u00edram um hospital sequer na periferia. \u201cOs tr\u00eas hospitais que temos foram constru\u00eddos por Roberto Santos, Waldir Pires e Jaques Wagner\u201d, enumerou, se comprometendo a colocar todos os postos de sa\u00fade para funcionar. (Texto\u00a0<em>Pimenta<\/em>\u00a0com reportagem de Marival Guedes, de Salvador)<\/p>\n","protected":false},"excerpt":{"rendered":"<p>O ex-presidente Lula disse hoje em Salvador que n\u00e3o iria \u201cfalar mal de ningu\u00e9m\u201d, mas acabou atacando o candidato a prefeito ACM Neto, do Democratas, a quem acusou de estar mentindo para ganhar votos do povo pobre. \u201cTem pol\u00edtico falando mentira s\u00f3rdida, dizendo que foi o av\u00f4 dele [ACM] que criou o Bolsa-Fam\u00edlia\u201d, afirmou. \u201cA [&hellip;]<\/p>\n","protected":false},"author":2,"featured_media":0,"comment_status":"open","ping_status":"open","sticky":false,"template":"","format":"standard","meta":{"_links_to":"","_links_to_target":""},"categories":[1],"tags":[1241,550,59,337,1955,433],"_links":{"self":[{"href":"https:\/\/www.blogdothame.blog.br\/v1\/wp-json\/wp\/v2\/posts\/13918"}],"collection":[{"href":"https:\/\/www.blogdothame.blog.br\/v1\/wp-json\/wp\/v2\/posts"}],"about":[{"href":"https:\/\/www.blogdothame.blog.br\/v1\/wp-json\/wp\/v2\/types\/post"}],"author":[{"embeddable":true,"href":"https:\/\/www.blogdothame.blog.br\/v1\/wp-json\/wp\/v2\/users\/2"}],"replies":[{"embeddable":true,"href":"https:\/\/www.blogdothame.blog.br\/v1\/wp-json\/wp\/v2\/comments?post=13918"}],"version-history":[{"count":1,"href":"https:\/\/www.blogdothame.blog.br\/v1\/wp-json\/wp\/v2\/posts\/13918\/revisions"}],"predecessor-version":[{"id":13921,"href":"https:\/\/www.blogdothame.blog.br\/v1\/wp-json\/wp\/v2\/posts\/13918\/revisions\/13921"}],"wp:attachment":[{"href":"https:\/\/www.blogdothame.blog.br\/v1\/wp-json\/wp\/v2\/media?parent=13918"}],"wp:term":[{"taxonomy":"category","embeddable":true,"href":"https:\/\/www.blogdothame.blog.br\/v1\/wp-json\/wp\/v2\/categories?post=13918"},{"taxonomy":"post_tag","embeddable":true,"href":"https:\/\/www.blogdothame.blog.br\/v1\/wp-json\/wp\/v2\/tags?post=13918"}],"curies":[{"name":"wp","href":"https:\/\/api.w.org\/{rel}","templated":true}]}}