{"id":138739,"date":"2022-08-03T18:13:20","date_gmt":"2022-08-03T21:13:20","guid":{"rendered":"http:\/\/www.blogdothame.blog.br\/v1\/?p=138739"},"modified":"2022-08-03T18:13:20","modified_gmt":"2022-08-03T21:13:20","slug":"comissao-especial-para-implantacao-da-economia-de-hidrogenio-verde-e-instalada-na-bahia","status":"publish","type":"post","link":"https:\/\/www.blogdothame.blog.br\/v1\/2022\/08\/03\/comissao-especial-para-implantacao-da-economia-de-hidrogenio-verde-e-instalada-na-bahia\/","title":{"rendered":"Comiss\u00e3o Especial para Implanta\u00e7\u00e3o da Economia de Hidrog\u00eanio Verde \u00e9 instalada na Bahia"},"content":{"rendered":"<p><a href=\"http:\/\/www.blogdothame.blog.br\/v1\/wp-content\/uploads\/2022\/08\/hidro-verde-1.jpeg\"><img loading=\"lazy\" class=\"aligncenter size-medium wp-image-138740\" src=\"http:\/\/www.blogdothame.blog.br\/v1\/wp-content\/uploads\/2022\/08\/hidro-verde-1-300x215.jpeg\" alt=\"hidro verde (1)\" width=\"300\" height=\"215\" srcset=\"https:\/\/www.blogdothame.blog.br\/v1\/wp-content\/uploads\/2022\/08\/hidro-verde-1-300x215.jpeg 300w, https:\/\/www.blogdothame.blog.br\/v1\/wp-content\/uploads\/2022\/08\/hidro-verde-1.jpeg 400w\" sizes=\"(max-width: 300px) 100vw, 300px\" \/><\/a>A Comiss\u00e3o Especial para Implanta\u00e7\u00e3o da Economia de Hidrog\u00eanio Verde no Estado da Bahia foi implantada nesta quarta-feira (03), na Secretaria de Desenvolvimento Econ\u00f4mico (SDE). A institui\u00e7\u00e3o cumpre o artigo 5\u00ba do decreto n\u00ba 21.200 de 2 de mar\u00e7o de 2022, que instituiu o Plano Estadual. Al\u00e9m da SDE, a comiss\u00e3o \u00e9 formada pelas Secretarias de Ci\u00eancia, Tecnologia e Inova\u00e7\u00e3o (SECTI), de Infraestrutura (Seinfra) e do Meio Ambiente (Sema) e do Instituto do Meio Ambiente e Recursos H\u00eddricos (Inema).<\/p>\n<p><a href=\"http:\/\/www.blogdothame.blog.br\/v1\/wp-content\/uploads\/2022\/08\/hidro-verde-2.jpeg\"><img loading=\"lazy\" class=\"alignright size-medium wp-image-138741\" src=\"http:\/\/www.blogdothame.blog.br\/v1\/wp-content\/uploads\/2022\/08\/hidro-verde-2-300x188.jpeg\" alt=\"hidro verde (2)\" width=\"300\" height=\"188\" srcset=\"https:\/\/www.blogdothame.blog.br\/v1\/wp-content\/uploads\/2022\/08\/hidro-verde-2-300x188.jpeg 300w, https:\/\/www.blogdothame.blog.br\/v1\/wp-content\/uploads\/2022\/08\/hidro-verde-2.jpeg 1024w\" sizes=\"(max-width: 300px) 100vw, 300px\" \/><\/a>\u201cCom a comiss\u00e3o institu\u00edda, poderemos definir uma agenda de trabalho com reuni\u00f5es tem\u00e1ticas e setoriais, fomentar e acompanhar os memorandos de entendimento a serem assinados com o setor privado e universidades da Bahia e discutir o contrato firmado com o Senai Cimatec em abril. Vamos efetuar o cumprimento do decreto para concretizar nos pr\u00f3ximos anos esse plano e programa estadual para a economia do Hidrog\u00eanio Verde no \u00e2mbito do Plano Plurianual (PPA)\u201d, afirma Paulo Guimar\u00e3es, superintendente de Atra\u00e7\u00e3o de Investimentos e presidente da comiss\u00e3o.<\/p>\n<p>O secret\u00e1rio executivo da comiss\u00e3o e coordenador de Fomento a Ind\u00fastria de Energias Renov\u00e1veis, Roberto Fortuna, explica que as secretarias ir\u00e3o tratar de uma s\u00e9rie de a\u00e7\u00f5es, estudos e projetos para atra\u00e7\u00e3o de novos empreendimentos, como o da Unigel, que vai investir US$ 120 milh\u00f5es na primeira f\u00e1brica de hidrog\u00eanio verde do Brasil. O lan\u00e7amento da pedra fundamental do projeto ocorreu na \u00faltima semana no Polo Industrial de Cama\u00e7ari. A previs\u00e3o \u00e9 que o empreendimento entre em opera\u00e7\u00e3o at\u00e9 o final de 2023.<\/p>\n<p><!--more--><\/p>\n<p>\u201cA comiss\u00e3o definir\u00e1 uma \u00e1rea de Cama\u00e7ari para implanta\u00e7\u00e3o de unidades para produ\u00e7\u00e3o do hidrog\u00eanio verde e como ser\u00e1 o licenciamento ambiental desses empreendimentos. O grupo cuidar\u00e1 de tratativas referentes a assuntos ligados ao governo, visando que no futuro mais empresas baianas fa\u00e7am parte dessa rede juntamente com universidades, descarbonizando o polo Industrial de Cama\u00e7ari e atendendo a demanda do agroneg\u00f3cio com am\u00f4nia verde, j\u00e1 pensando em uma futura exporta\u00e7\u00e3o\u201d, diz Fortuna.<\/p>\n<p>Recapitulando<\/p>\n<p>O Plano Estadual para Economia de Hidrog\u00eanio Verde (H2V) foi institu\u00eddo pelo Decreto n\u00ba 21.200 em 2 de mar\u00e7o deste ano. O plano foi lan\u00e7ado em 14 de abril, quando o Governo da Bahia, por meio da SDE e do Sema, assinou contrato com o Senai Cimatec para desenvolver modelo matem\u00e1tico para auxiliar na identifica\u00e7\u00e3o e escolha de sites de produ\u00e7\u00e3o do H2V na Bahia, mapeamento da cadeia produtiva, estudos de modelos internacionais, avalia\u00e7\u00e3o das condi\u00e7\u00f5es de mercados, potencialidades e o que precisa ser feito do ponto de vista de pol\u00edtica p\u00fablica.<\/p>\n<p>Um Memorando de Entendimento tamb\u00e9m foi assinado com a Enel Green Power Brasil, bra\u00e7o de gera\u00e7\u00e3o renov\u00e1vel do Grupo Enel no pa\u00eds, para a realiza\u00e7\u00e3o de estudos de viabilidade t\u00e9cnica, comercial, jur\u00eddica e financeira para o futuro desenvolvimento de projetos de produ\u00e7\u00e3o de hidrog\u00eanio verde pela empresa, que j\u00e1 investe em energias renov\u00e1veis no estado.<\/p>\n<p>A Bahia \u00e9 o \u00fanico estado que concede diferimento nas aquisi\u00e7\u00f5es de energia el\u00e9trica, conforme Decreto n\u00ba 20.970 de 09 de dezembro de 2021, que altera o Decreto n\u00ba 13.780 de 16 de mar\u00e7o de 2012. A Bahia oferece infraestrutura favor\u00e1vel em termos de log\u00edstica de transporte, de dutovias e transmiss\u00e3o de energia el\u00e9trica. Disponibilidade de energia el\u00e9trica de fontes e\u00f3lica, solar, biomassa ou biog\u00e1s e de \u00e1gua para a produ\u00e7\u00e3o do hidrog\u00eanio verde.<\/p>\n","protected":false},"excerpt":{"rendered":"<p>A Comiss\u00e3o Especial para Implanta\u00e7\u00e3o da Economia de Hidrog\u00eanio Verde no Estado da Bahia foi implantada nesta quarta-feira (03), na Secretaria de Desenvolvimento Econ\u00f4mico (SDE). A institui\u00e7\u00e3o cumpre o artigo 5\u00ba do decreto n\u00ba 21.200 de 2 de mar\u00e7o de 2022, que instituiu o Plano Estadual. Al\u00e9m da SDE, a comiss\u00e3o \u00e9 formada pelas Secretarias [&hellip;]<\/p>\n","protected":false},"author":2,"featured_media":0,"comment_status":"open","ping_status":"open","sticky":false,"template":"","format":"standard","meta":{"_links_to":"","_links_to_target":""},"categories":[1],"tags":[33348,18714],"_links":{"self":[{"href":"https:\/\/www.blogdothame.blog.br\/v1\/wp-json\/wp\/v2\/posts\/138739"}],"collection":[{"href":"https:\/\/www.blogdothame.blog.br\/v1\/wp-json\/wp\/v2\/posts"}],"about":[{"href":"https:\/\/www.blogdothame.blog.br\/v1\/wp-json\/wp\/v2\/types\/post"}],"author":[{"embeddable":true,"href":"https:\/\/www.blogdothame.blog.br\/v1\/wp-json\/wp\/v2\/users\/2"}],"replies":[{"embeddable":true,"href":"https:\/\/www.blogdothame.blog.br\/v1\/wp-json\/wp\/v2\/comments?post=138739"}],"version-history":[{"count":1,"href":"https:\/\/www.blogdothame.blog.br\/v1\/wp-json\/wp\/v2\/posts\/138739\/revisions"}],"predecessor-version":[{"id":138742,"href":"https:\/\/www.blogdothame.blog.br\/v1\/wp-json\/wp\/v2\/posts\/138739\/revisions\/138742"}],"wp:attachment":[{"href":"https:\/\/www.blogdothame.blog.br\/v1\/wp-json\/wp\/v2\/media?parent=138739"}],"wp:term":[{"taxonomy":"category","embeddable":true,"href":"https:\/\/www.blogdothame.blog.br\/v1\/wp-json\/wp\/v2\/categories?post=138739"},{"taxonomy":"post_tag","embeddable":true,"href":"https:\/\/www.blogdothame.blog.br\/v1\/wp-json\/wp\/v2\/tags?post=138739"}],"curies":[{"name":"wp","href":"https:\/\/api.w.org\/{rel}","templated":true}]}}