{"id":137888,"date":"2022-07-14T15:45:21","date_gmt":"2022-07-14T18:45:21","guid":{"rendered":"http:\/\/www.blogdothame.blog.br\/v1\/?p=137888"},"modified":"2022-07-14T12:06:52","modified_gmt":"2022-07-14T15:06:52","slug":"5a-edicao-da-festa-literaria-de-ilheus-reune-escritores-e-traz-lancamentos-de-livros","status":"publish","type":"post","link":"https:\/\/www.blogdothame.blog.br\/v1\/2022\/07\/14\/5a-edicao-da-festa-literaria-de-ilheus-reune-escritores-e-traz-lancamentos-de-livros\/","title":{"rendered":"5\u00aa edi\u00e7\u00e3o da Festa Liter\u00e1ria de Ilh\u00e9us reune escritores e traz lan\u00e7amentos de livros"},"content":{"rendered":"<p><a href=\"http:\/\/www.blogdothame.blog.br\/v1\/wp-content\/uploads\/2022\/07\/festa-liter\u00e1ria.jpeg\"><img loading=\"lazy\" class=\"alignleft size-medium wp-image-137890\" src=\"http:\/\/www.blogdothame.blog.br\/v1\/wp-content\/uploads\/2022\/07\/festa-liter\u00e1ria-300x296.jpeg\" alt=\"festa liter\u00e1ria\" width=\"300\" height=\"296\" srcset=\"https:\/\/www.blogdothame.blog.br\/v1\/wp-content\/uploads\/2022\/07\/festa-liter\u00e1ria-300x296.jpeg 300w, https:\/\/www.blogdothame.blog.br\/v1\/wp-content\/uploads\/2022\/07\/festa-liter\u00e1ria.jpeg 546w\" sizes=\"(max-width: 300px) 100vw, 300px\" \/><\/a>A Festa Liter\u00e1ria de Ilh\u00e9us (FLI), que neste ano chega \u00e0 sua 5\u00aa edi\u00e7\u00e3o, movimenta o munic\u00edpio dos dias 13 a 16 de julho. A iniciativa conta com o apoio da Prefeitura de Ilh\u00e9us, por meio da Secretaria Especial de Cultura, e traz uma vasta programa\u00e7\u00e3o, com palestras, workshop, lan\u00e7amentos e exposi\u00e7\u00e3o de livros. A abertura oficial acontece nesta quarta-feira (13), \u00e0s 19h, no Sindicato Rural, com a confer\u00eancia de Viviane Mos\u00e9.<\/p>\n<p>Na oportunidade ser\u00e1 realizada a entrega do 5\u00ba Pr\u00eamio Sos\u00edgenes. Com o tema \u201cLiteratura e utopias do imagin\u00e1rio\u201d, a FLI tem como objetivo promover discuss\u00f5es acerca do tema, provocando a imagina\u00e7\u00e3o do p\u00fablico e incentivando a forma\u00e7\u00e3o de novos leitores, contribuindo com o fortalecimento da cultura. Al\u00e9m disso, a proposta versa sobre o incentivo \u00e0 leitura, bem como valoriza iniciativas voltadas \u00e0s diversas formas de acesso ao saber.<\/p>\n<p>Entusiasta de atividades que fomentam o conhecimento, o prefeito M\u00e1rio Alexandre refor\u00e7ou a import\u00e2ncia da FLI. \u201c\u00c9 essencial fortalecer a cultura e atividade acad\u00eamica, principalmente em nossa cidade, que \u00e9 rica em literatura e reduto de grandes escritores\u201d.<\/p>\n<p><!--more--><\/p>\n<p><strong>Participantes &#8211;<\/strong>\u00a0Entre os nomes confirmados para compor as mesas liter\u00e1rias est\u00e3o Andr\u00e9 Rosa, Geraldo Lavigne, C\u00e1tia Hughes, Cyro de Mattos, Pawlo Cidade, Jane Hilda Badar\u00f3 e Maria Heine. A FLI \u00e9 uma a\u00e7\u00e3o que integra dois grandes eventos liter\u00e1rios j\u00e1 consagrados na regi\u00e3o: a 10\u00aa Feira do Livro da UESC e o VII Festival Liter\u00e1rio de Ilh\u00e9us (FLIOS).<\/p>\n<p>O evento \u00e9 realizado pela Editora da UESC, Secult-Ilh\u00e9us, Academia de Letras e Funda\u00e7\u00e3o Pedro Calmon. O objetivo da parceria \u00e9 somar esfor\u00e7os para promover a participa\u00e7\u00e3o e envolvimento da comunidade regional. Confira a programa\u00e7\u00e3o completa.\u00a0<strong><a href=\"https:\/\/bit.ly\/3cgCy0s\" data-saferedirecturl=\"https:\/\/www.google.com\/url?q=https:\/\/bit.ly\/3cgCy0s&amp;source=gmail&amp;ust=1657896049931000&amp;usg=AOvVaw2fYL_4kEwwhtmL4cdTsVX1\">Clique aqui<\/a><\/strong><\/p>\n<p style=\"font-weight: 400;\">&#8230;<\/p>\n","protected":false},"excerpt":{"rendered":"<p>A Festa Liter\u00e1ria de Ilh\u00e9us (FLI), que neste ano chega \u00e0 sua 5\u00aa edi\u00e7\u00e3o, movimenta o munic\u00edpio dos dias 13 a 16 de julho. A iniciativa conta com o apoio da Prefeitura de Ilh\u00e9us, por meio da Secretaria Especial de Cultura, e traz uma vasta programa\u00e7\u00e3o, com palestras, workshop, lan\u00e7amentos e exposi\u00e7\u00e3o de livros. A [&hellip;]<\/p>\n","protected":false},"author":2,"featured_media":0,"comment_status":"open","ping_status":"open","sticky":false,"template":"","format":"standard","meta":{"_links_to":"","_links_to_target":""},"categories":[1],"tags":[21288],"_links":{"self":[{"href":"https:\/\/www.blogdothame.blog.br\/v1\/wp-json\/wp\/v2\/posts\/137888"}],"collection":[{"href":"https:\/\/www.blogdothame.blog.br\/v1\/wp-json\/wp\/v2\/posts"}],"about":[{"href":"https:\/\/www.blogdothame.blog.br\/v1\/wp-json\/wp\/v2\/types\/post"}],"author":[{"embeddable":true,"href":"https:\/\/www.blogdothame.blog.br\/v1\/wp-json\/wp\/v2\/users\/2"}],"replies":[{"embeddable":true,"href":"https:\/\/www.blogdothame.blog.br\/v1\/wp-json\/wp\/v2\/comments?post=137888"}],"version-history":[{"count":3,"href":"https:\/\/www.blogdothame.blog.br\/v1\/wp-json\/wp\/v2\/posts\/137888\/revisions"}],"predecessor-version":[{"id":137892,"href":"https:\/\/www.blogdothame.blog.br\/v1\/wp-json\/wp\/v2\/posts\/137888\/revisions\/137892"}],"wp:attachment":[{"href":"https:\/\/www.blogdothame.blog.br\/v1\/wp-json\/wp\/v2\/media?parent=137888"}],"wp:term":[{"taxonomy":"category","embeddable":true,"href":"https:\/\/www.blogdothame.blog.br\/v1\/wp-json\/wp\/v2\/categories?post=137888"},{"taxonomy":"post_tag","embeddable":true,"href":"https:\/\/www.blogdothame.blog.br\/v1\/wp-json\/wp\/v2\/tags?post=137888"}],"curies":[{"name":"wp","href":"https:\/\/api.w.org\/{rel}","templated":true}]}}