{"id":13787,"date":"2012-10-18T22:32:44","date_gmt":"2012-10-19T01:32:44","guid":{"rendered":"http:\/\/www.blogdothame.blog.br\/v1\/?p=13787"},"modified":"2012-10-18T22:34:44","modified_gmt":"2012-10-19T01:34:44","slug":"acm-neto-pede-e-justica-impede-que-telao-exiba-final-de-avenida-brasil-apos-comicio-de-pelegrino-com-dilma","status":"publish","type":"post","link":"https:\/\/www.blogdothame.blog.br\/v1\/2012\/10\/18\/acm-neto-pede-e-justica-impede-que-telao-exiba-final-de-avenida-brasil-apos-comicio-de-pelegrino-com-dilma\/","title":{"rendered":"ACM NETO PEDE E JUSTI\u00c7A IMPEDE QUE TEL\u00c3O EXIBA FINAL DE AVENIDA BRASIL AP\u00d3S COMICIO DE PELEGRINO COM DILMA"},"content":{"rendered":"<div id=\"attachment_13788\" style=\"width: 310px\" class=\"wp-caption aligncenter\"><a href=\"http:\/\/www.blogdothame.blog.br\/v1\/wp-content\/uploads\/2012\/10\/DILMA-E-CARMINHA.-jpg.jpg\"><img aria-describedby=\"caption-attachment-13788\" loading=\"lazy\" class=\"size-full wp-image-13788\" title=\"DILMA E CARMINHA. jpg\" src=\"http:\/\/www.blogdothame.blog.br\/v1\/wp-content\/uploads\/2012\/10\/DILMA-E-CARMINHA.-jpg.jpg\" alt=\"\" width=\"300\" height=\"210\" \/><\/a><p id=\"caption-attachment-13788\" class=\"wp-caption-text\">ACM Neto \u00a0n\u00e3o quer Carminha depois de Dilma. Pelo menos n\u00e3o falou em dar uma surra nelas.<\/p><\/div>\n<p>A novela \u201cAvenida Brasil\u201d n\u00e3o poder\u00e1 ser transmitida em tel\u00e3o ap\u00f3s o com\u00edcio do candidato a prefeito de Salvador Nelson Pelegrino (PT), que contar\u00e1 com a presen\u00e7a da presidente Dilma Rousseff. A ju\u00edza Ana Concei\u00e7\u00e3o Barbuda, da 9\u00aa Zona Eleitoral, proibiu a exibi\u00e7\u00e3o nesta quinta-feira (18) entendendo que a a\u00e7\u00e3o teria fins eleitoreiros.<\/p>\n<p>\u201cPro\u00edbe-se qualquer tipo de imagem ou v\u00eddeo que n\u00e3o se relacione com o objeto da campanha, inclusive o epis\u00f3dio final da novela \u2018Avenida Brasil\u2019\u201d, afirmou a magistrada. A Pol\u00edcia Militar deve intervir caso a decis\u00e3o seja descumprida. A a\u00e7\u00e3o foi movida pelos advogados da coliga\u00e7\u00e3o \u201c\u00c9 Hora de Defender Salvador\u201d, liderada pelo candidato ACM Neto (DEM). O com\u00edcio ser\u00e1 realizado nesta sexta-feira (19), a partir das 18h, em Cajazeiras.<\/p>\n","protected":false},"excerpt":{"rendered":"<p>A novela \u201cAvenida Brasil\u201d n\u00e3o poder\u00e1 ser transmitida em tel\u00e3o ap\u00f3s o com\u00edcio do candidato a prefeito de Salvador Nelson Pelegrino (PT), que contar\u00e1 com a presen\u00e7a da presidente Dilma Rousseff. A ju\u00edza Ana Concei\u00e7\u00e3o Barbuda, da 9\u00aa Zona Eleitoral, proibiu a exibi\u00e7\u00e3o nesta quinta-feira (18) entendendo que a a\u00e7\u00e3o teria fins eleitoreiros. \u201cPro\u00edbe-se qualquer [&hellip;]<\/p>\n","protected":false},"author":2,"featured_media":0,"comment_status":"open","ping_status":"open","sticky":false,"template":"","format":"standard","meta":{"_links_to":"","_links_to_target":""},"categories":[1],"tags":[1241,3367,361,550,1955,433],"_links":{"self":[{"href":"https:\/\/www.blogdothame.blog.br\/v1\/wp-json\/wp\/v2\/posts\/13787"}],"collection":[{"href":"https:\/\/www.blogdothame.blog.br\/v1\/wp-json\/wp\/v2\/posts"}],"about":[{"href":"https:\/\/www.blogdothame.blog.br\/v1\/wp-json\/wp\/v2\/types\/post"}],"author":[{"embeddable":true,"href":"https:\/\/www.blogdothame.blog.br\/v1\/wp-json\/wp\/v2\/users\/2"}],"replies":[{"embeddable":true,"href":"https:\/\/www.blogdothame.blog.br\/v1\/wp-json\/wp\/v2\/comments?post=13787"}],"version-history":[{"count":4,"href":"https:\/\/www.blogdothame.blog.br\/v1\/wp-json\/wp\/v2\/posts\/13787\/revisions"}],"predecessor-version":[{"id":13792,"href":"https:\/\/www.blogdothame.blog.br\/v1\/wp-json\/wp\/v2\/posts\/13787\/revisions\/13792"}],"wp:attachment":[{"href":"https:\/\/www.blogdothame.blog.br\/v1\/wp-json\/wp\/v2\/media?parent=13787"}],"wp:term":[{"taxonomy":"category","embeddable":true,"href":"https:\/\/www.blogdothame.blog.br\/v1\/wp-json\/wp\/v2\/categories?post=13787"},{"taxonomy":"post_tag","embeddable":true,"href":"https:\/\/www.blogdothame.blog.br\/v1\/wp-json\/wp\/v2\/tags?post=13787"}],"curies":[{"name":"wp","href":"https:\/\/api.w.org\/{rel}","templated":true}]}}