{"id":135901,"date":"2022-05-26T05:56:53","date_gmt":"2022-05-26T08:56:53","guid":{"rendered":"http:\/\/www.blogdothame.blog.br\/v1\/?p=135901"},"modified":"2022-05-25T15:11:31","modified_gmt":"2022-05-25T18:11:31","slug":"em-feira-de-santana-rui-autoriza-obras-de-educacao-saude-e-infraestrutura","status":"publish","type":"post","link":"https:\/\/www.blogdothame.blog.br\/v1\/2022\/05\/26\/em-feira-de-santana-rui-autoriza-obras-de-educacao-saude-e-infraestrutura\/","title":{"rendered":"Em Feira de Santana, Rui autoriza obras de educa\u00e7\u00e3o, sa\u00fade e infraestrutura"},"content":{"rendered":"<p>O governador Rui Costa estar\u00e1 em Feira de Santana nesta quinta-feira (26). \u00c0s 9h, ele vai entregar a amplia\u00e7\u00e3o do sistema integrado de abastecimento de \u00e1gua do munic\u00edpio (setor Tomba) e autorizar novas obras nas \u00e1reas de educa\u00e7\u00e3o, sa\u00fade e infraestrutura.<\/p>\n<p>Rui assinar\u00e1 ordens de servi\u00e7o para a reforma e amplia\u00e7\u00e3o do Hospital Geral Cl\u00e9riston Andrade (HGCA), a reabilita\u00e7\u00e3o e recupera\u00e7\u00e3o de trechos da BA-502 e BA-513 e a constru\u00e7\u00e3o de duas unidades escolares, sendo uma no bairro Campo Limpo (\u00e1rea do antigo Derba) e outra no bairro Olhos D\u2019\u00c1gua (antiga \u00e1rea da Adab).<\/p>\n<p>Ainda em Feira de Santana, o governador autoriza a Secretaria da Educa\u00e7\u00e3o do Estado a iniciar o processo licitat\u00f3rio para amplia\u00e7\u00e3o com moderniza\u00e7\u00e3o dos col\u00e9gios estaduais Durvalina Carneiro e Juiz Jorge Farias G\u00f3es.<\/p>\n<p>Ele tamb\u00e9m autorizar\u00e1 a Secretaria de Infraestrutura H\u00eddrica e Saneamento (Sihs) a licitar a amplia\u00e7\u00e3o do sistema produtor e adutor do Sistema Integrado de Abastecimento de \u00c1gua (SIAA) para beneficiar os munic\u00edpios de Feira de Santana, Santan\u00f3polis, Concei\u00e7\u00e3o da Feira, S\u00e3o Gon\u00e7alo dos Campos, Tanquinho e Santa B\u00e1rbara.<\/p>\n<p>Por fim, Rui vai anunciar a licita\u00e7\u00e3o para a duplica\u00e7\u00e3o e restaura\u00e7\u00e3o da BA-502, no trecho Feira de Santana (Tomba) &#8211; S\u00e3o Gon\u00e7alo, do km 0 ao km 6 (Tapera).<\/p>\n","protected":false},"excerpt":{"rendered":"<p>O governador Rui Costa estar\u00e1 em Feira de Santana nesta quinta-feira (26). \u00c0s 9h, ele vai entregar a amplia\u00e7\u00e3o do sistema integrado de abastecimento de \u00e1gua do munic\u00edpio (setor Tomba) e autorizar novas obras nas \u00e1reas de educa\u00e7\u00e3o, sa\u00fade e infraestrutura. Rui assinar\u00e1 ordens de servi\u00e7o para a reforma e amplia\u00e7\u00e3o do Hospital Geral Cl\u00e9riston [&hellip;]<\/p>\n","protected":false},"author":2,"featured_media":0,"comment_status":"open","ping_status":"open","sticky":false,"template":"","format":"standard","meta":{"_links_to":"","_links_to_target":""},"categories":[1],"tags":[358,199,615],"_links":{"self":[{"href":"https:\/\/www.blogdothame.blog.br\/v1\/wp-json\/wp\/v2\/posts\/135901"}],"collection":[{"href":"https:\/\/www.blogdothame.blog.br\/v1\/wp-json\/wp\/v2\/posts"}],"about":[{"href":"https:\/\/www.blogdothame.blog.br\/v1\/wp-json\/wp\/v2\/types\/post"}],"author":[{"embeddable":true,"href":"https:\/\/www.blogdothame.blog.br\/v1\/wp-json\/wp\/v2\/users\/2"}],"replies":[{"embeddable":true,"href":"https:\/\/www.blogdothame.blog.br\/v1\/wp-json\/wp\/v2\/comments?post=135901"}],"version-history":[{"count":1,"href":"https:\/\/www.blogdothame.blog.br\/v1\/wp-json\/wp\/v2\/posts\/135901\/revisions"}],"predecessor-version":[{"id":135902,"href":"https:\/\/www.blogdothame.blog.br\/v1\/wp-json\/wp\/v2\/posts\/135901\/revisions\/135902"}],"wp:attachment":[{"href":"https:\/\/www.blogdothame.blog.br\/v1\/wp-json\/wp\/v2\/media?parent=135901"}],"wp:term":[{"taxonomy":"category","embeddable":true,"href":"https:\/\/www.blogdothame.blog.br\/v1\/wp-json\/wp\/v2\/categories?post=135901"},{"taxonomy":"post_tag","embeddable":true,"href":"https:\/\/www.blogdothame.blog.br\/v1\/wp-json\/wp\/v2\/tags?post=135901"}],"curies":[{"name":"wp","href":"https:\/\/api.w.org\/{rel}","templated":true}]}}