{"id":134466,"date":"2022-04-30T18:15:31","date_gmt":"2022-04-30T21:15:31","guid":{"rendered":"http:\/\/www.blogdothame.blog.br\/v1\/?p=134466"},"modified":"2022-04-30T17:18:52","modified_gmt":"2022-04-30T20:18:52","slug":"a-bahia-nao-vai-voltar-ao-atraso-afirma-jeronimo-em-ato-com-23-prefeitos-e-mais-de-20-deputados-em-alagoinhas","status":"publish","type":"post","link":"https:\/\/www.blogdothame.blog.br\/v1\/2022\/04\/30\/a-bahia-nao-vai-voltar-ao-atraso-afirma-jeronimo-em-ato-com-23-prefeitos-e-mais-de-20-deputados-em-alagoinhas\/","title":{"rendered":"\u2018A Bahia n\u00e3o vai voltar ao atraso\u2019, afirma Jer\u00f4nimo em ato com 23 prefeitos e mais de 20 deputados em Alagoinhas"},"content":{"rendered":"<p><a href=\"http:\/\/www.blogdothame.blog.br\/v1\/wp-content\/uploads\/2022\/04\/jerba-2.jpg\"><img loading=\"lazy\" class=\"aligncenter size-medium wp-image-134467\" src=\"http:\/\/www.blogdothame.blog.br\/v1\/wp-content\/uploads\/2022\/04\/jerba-2-300x225.jpg\" alt=\"jerba (2)\" width=\"300\" height=\"225\" srcset=\"https:\/\/www.blogdothame.blog.br\/v1\/wp-content\/uploads\/2022\/04\/jerba-2-300x225.jpg 300w, https:\/\/www.blogdothame.blog.br\/v1\/wp-content\/uploads\/2022\/04\/jerba-2.jpg 384w\" sizes=\"(max-width: 300px) 100vw, 300px\" \/><\/a>\u201cO time de Wagner, Otto e Rui vem resistindo para que a Bahia n\u00e3o ande para tr\u00e1s e a Bahia n\u00e3o vai andar para tr\u00e1s. A Bahia n\u00e3o vai voltar ao atraso\u201d, afirmou o pr\u00e9-candidato ao Governo do Estado pelo PT, Jer\u00f4nimo Rodrigues, em discurso na cidade de Alagoinhas neste s\u00e1bado (30). \u201cN\u00f3s n\u00e3o vamos deixar marca que represente o atraso para a Bahia\u201d, acrescentou Jer\u00f4nimo, que reuniu 23 prefeitos e mais de 20 deputados, al\u00e9m de outras 50 lideran\u00e7as pol\u00edticas durante a plen\u00e1ria do Programa de Governo Participativo (PGP) para ouvir demandas e sugest\u00f5es para o Territ\u00f3rio Litoral Norte e Agreste Baiano.<\/p>\n<p><a href=\"http:\/\/www.blogdothame.blog.br\/v1\/wp-content\/uploads\/2022\/04\/jerba-3.jpg\"><img loading=\"lazy\" class=\"alignleft size-medium wp-image-134468\" src=\"http:\/\/www.blogdothame.blog.br\/v1\/wp-content\/uploads\/2022\/04\/jerba-3-300x200.jpg\" alt=\"jerba (3)\" width=\"300\" height=\"200\" srcset=\"https:\/\/www.blogdothame.blog.br\/v1\/wp-content\/uploads\/2022\/04\/jerba-3-300x200.jpg 300w, https:\/\/www.blogdothame.blog.br\/v1\/wp-content\/uploads\/2022\/04\/jerba-3.jpg 384w\" sizes=\"(max-width: 300px) 100vw, 300px\" \/><\/a>Ao lado do senador Jaques Wagner (PT) e dos pr\u00e9-candidatos a vice-governador, Geraldo J\u00fanior (MDB), e a senador, Otto Alencar (PSD), Jer\u00f4nimo afirmou que o time de Lula na Bahia n\u00e3o vai baixar a cabe\u00e7a: \u201cn\u00f3s vamos cultivar a esperan\u00e7a. N\u00f3s queremos continuar fazendo escola de qualidade, sa\u00fade de qualidade. Fazendo mais 15 mil quil\u00f4metros de estrada\u201d, disse no evento que lotou a Associa\u00e7\u00e3o Atl\u00e9tica Banco do Brasil (AABB).<\/p>\n<p>\u201cN\u00e3o d\u00e1 para o governo federal fazer o que faz e o povo brasileiro n\u00e3o reagir. Perdemos programas importantes e estrat\u00e9gicos, como o Minha Casa Minha Vida\u201d, acrescentou Jer\u00f4nimo ao criticar o presidente Jair Bolsonaro (PL), eleito em 2018 com o apoio do ex-prefeito de Salvador, ACM Neto (UB). \u201cN\u00f3s conhecemos a Bahia, n\u00f3s trabalhamos por toda a Bahia\u201d, afirmou Jer\u00f4nimo ao pontuar que os advers\u00e1rios s\u00f3 agora est\u00e3o percorrendo o estado na tentativa de conhecer a realidade do povo baiano.<\/p>\n<p>REPRESENTATIVIDADE<\/p>\n<p><!--more--><\/p>\n<p><a href=\"http:\/\/www.blogdothame.blog.br\/v1\/wp-content\/uploads\/2022\/04\/jerba-4.jpg\"><img loading=\"lazy\" class=\"aligncenter size-medium wp-image-134469\" src=\"http:\/\/www.blogdothame.blog.br\/v1\/wp-content\/uploads\/2022\/04\/jerba-4-300x200.jpg\" alt=\"jerba (4)\" width=\"300\" height=\"200\" srcset=\"https:\/\/www.blogdothame.blog.br\/v1\/wp-content\/uploads\/2022\/04\/jerba-4-300x200.jpg 300w, https:\/\/www.blogdothame.blog.br\/v1\/wp-content\/uploads\/2022\/04\/jerba-4.jpg 512w\" sizes=\"(max-width: 300px) 100vw, 300px\" \/><\/a>A Caravana Mais Bahia desembarcou em Alagoinhas na sexta (29) e realizou diversos encontros com lideran\u00e7as pol\u00edticas da regi\u00e3o e representantes da sociedade civil organizada. A plen\u00e1ria deste s\u00e1bado, como aguardado, ficou novamente lotada, onde mais de cinco mil pessoas discutiram ideias para consolida\u00e7\u00e3o do programa de governo do pr\u00f3ximo governador da Bahia.<\/p>\n<p>\u201cHoje aqui \u00e9 mais uma prova do sentimento que come\u00e7a a tomar conta da Bahia. O povo baiano quer que o Brasil reencontre o caminho do desenvolvimento, com Lula presidente, e quer a continuidade do trabalho que tem transformado a Bahia desde Jaques Wagner e, agora, com Rui Costa\u201d, agradeceu Jer\u00f4nimo.<\/p>\n<p><a href=\"http:\/\/www.blogdothame.blog.br\/v1\/wp-content\/uploads\/2022\/04\/jerba-1.jpg\"><img loading=\"lazy\" class=\"alignright size-medium wp-image-134470\" src=\"http:\/\/www.blogdothame.blog.br\/v1\/wp-content\/uploads\/2022\/04\/jerba-1-300x200.jpg\" alt=\"jerba (1)\" width=\"300\" height=\"200\" srcset=\"https:\/\/www.blogdothame.blog.br\/v1\/wp-content\/uploads\/2022\/04\/jerba-1-300x200.jpg 300w, https:\/\/www.blogdothame.blog.br\/v1\/wp-content\/uploads\/2022\/04\/jerba-1.jpg 512w\" sizes=\"(max-width: 300px) 100vw, 300px\" \/><\/a>Na reuni\u00e3o, tamb\u00e9m marcaram presen\u00e7a prefeitos, prefeitas, ex-gestores municipais, al\u00e9m de deputados federais e estaduais, vereadores e pr\u00e9-candidatos \u00e0 C\u00e2mara Federal e Assembleia Estadual.<\/p>\n<p>Entre os chefes dos Executivos municipais estavam o prefeito de Alagoinhas, Joaquim Neto (PSD); de Entre Rios, Manoelito Argolo Jr. (Solidariedade); de Esplanada, Nandinho da Serraria (PSDB), de Cardeal da Silva, Branco Sales (PP); Macajuba, Luciano de No\u00e9 (PSD), Acajutiba, Alex Freitas (MDB); Cris\u00f3polis, Leandro Dantas (PSB); Santo Est\u00eav\u00e3o, Rog\u00e9rio Costa (PT); Santan\u00f3polis, Vitor do Posto (PP); Ouri\u00e7angas, Tonho de Fito (PSB); Satiro Dias, Pedrito da Cruz (PSB); Lamar\u00e3o, Pr\u00f3 Ninha (PT); Teol\u00e2ndia, Rosa (PP); Lauro de Freitas, Moema Gramacho (PT); Nova Soure, Cassinho Andrade (PSD); Olindina, Luiz Alberto (PSD), Inhambupe, Nena (PSD); Banza\u00ea, Jailma Alves (PT); Pedr\u00e3o, Galego da Sa\u00fade (PSD); Irar\u00e1, Derivaldo Pinto (PT); Itapicuru, Moreira Neto (PSD); Cip\u00f3, Marquinhos do Itapicuru (PDT) e de Tanquinho, Z\u00e9 Lu\u00edz (PT).<\/p>\n","protected":false},"excerpt":{"rendered":"<p>\u201cO time de Wagner, Otto e Rui vem resistindo para que a Bahia n\u00e3o ande para tr\u00e1s e a Bahia n\u00e3o vai andar para tr\u00e1s. A Bahia n\u00e3o vai voltar ao atraso\u201d, afirmou o pr\u00e9-candidato ao Governo do Estado pelo PT, Jer\u00f4nimo Rodrigues, em discurso na cidade de Alagoinhas neste s\u00e1bado (30). \u201cN\u00f3s n\u00e3o vamos [&hellip;]<\/p>\n","protected":false},"author":2,"featured_media":0,"comment_status":"open","ping_status":"open","sticky":false,"template":"","format":"standard","meta":{"_links_to":"","_links_to_target":""},"categories":[1],"tags":[3140,51,12213,337],"_links":{"self":[{"href":"https:\/\/www.blogdothame.blog.br\/v1\/wp-json\/wp\/v2\/posts\/134466"}],"collection":[{"href":"https:\/\/www.blogdothame.blog.br\/v1\/wp-json\/wp\/v2\/posts"}],"about":[{"href":"https:\/\/www.blogdothame.blog.br\/v1\/wp-json\/wp\/v2\/types\/post"}],"author":[{"embeddable":true,"href":"https:\/\/www.blogdothame.blog.br\/v1\/wp-json\/wp\/v2\/users\/2"}],"replies":[{"embeddable":true,"href":"https:\/\/www.blogdothame.blog.br\/v1\/wp-json\/wp\/v2\/comments?post=134466"}],"version-history":[{"count":1,"href":"https:\/\/www.blogdothame.blog.br\/v1\/wp-json\/wp\/v2\/posts\/134466\/revisions"}],"predecessor-version":[{"id":134471,"href":"https:\/\/www.blogdothame.blog.br\/v1\/wp-json\/wp\/v2\/posts\/134466\/revisions\/134471"}],"wp:attachment":[{"href":"https:\/\/www.blogdothame.blog.br\/v1\/wp-json\/wp\/v2\/media?parent=134466"}],"wp:term":[{"taxonomy":"category","embeddable":true,"href":"https:\/\/www.blogdothame.blog.br\/v1\/wp-json\/wp\/v2\/categories?post=134466"},{"taxonomy":"post_tag","embeddable":true,"href":"https:\/\/www.blogdothame.blog.br\/v1\/wp-json\/wp\/v2\/tags?post=134466"}],"curies":[{"name":"wp","href":"https:\/\/api.w.org\/{rel}","templated":true}]}}