{"id":134444,"date":"2022-04-29T16:00:09","date_gmt":"2022-04-29T19:00:09","guid":{"rendered":"http:\/\/www.blogdothame.blog.br\/v1\/?p=134444"},"modified":"2022-04-29T16:54:56","modified_gmt":"2022-04-29T19:54:56","slug":"ssp-montara-plano-de-protecao-para-areas-indigenas-na-bahia","status":"publish","type":"post","link":"https:\/\/www.blogdothame.blog.br\/v1\/2022\/04\/29\/ssp-montara-plano-de-protecao-para-areas-indigenas-na-bahia\/","title":{"rendered":"SSP montar\u00e1 Plano de Prote\u00e7\u00e3o para \u00e1reas ind\u00edgenas na Bahia"},"content":{"rendered":"<p><a href=\"http:\/\/www.blogdothame.blog.br\/v1\/wp-content\/uploads\/2022\/04\/ssp-indigenas-2.jpg\"><img loading=\"lazy\" class=\"aligncenter size-medium wp-image-134446\" src=\"http:\/\/www.blogdothame.blog.br\/v1\/wp-content\/uploads\/2022\/04\/ssp-indigenas-2-300x200.jpg\" alt=\"ssp indigenas (2)\" width=\"300\" height=\"200\" srcset=\"https:\/\/www.blogdothame.blog.br\/v1\/wp-content\/uploads\/2022\/04\/ssp-indigenas-2-300x200.jpg 300w, https:\/\/www.blogdothame.blog.br\/v1\/wp-content\/uploads\/2022\/04\/ssp-indigenas-2.jpg 512w\" sizes=\"(max-width: 300px) 100vw, 300px\" \/><\/a>Um Plano de Prote\u00e7\u00e3o para \u00e1reas ind\u00edgenas amea\u00e7adas ser\u00e1 planejado pela Secretaria da Seguran\u00e7a P\u00fablica da Bahia. O an\u00fancio foi realizado pelo secret\u00e1rio Ricardo Mandarino, na manh\u00e3 desta sexta-feira (29), durante reuni\u00e3o com caciques baianos.<br \/>\n<a href=\"http:\/\/www.blogdothame.blog.br\/v1\/wp-content\/uploads\/2022\/04\/ssp-indigenas-1.jpg\"><img loading=\"lazy\" class=\"alignright size-medium wp-image-134445\" src=\"http:\/\/www.blogdothame.blog.br\/v1\/wp-content\/uploads\/2022\/04\/ssp-indigenas-1-300x200.jpg\" alt=\"ssp indigenas (1)\" width=\"300\" height=\"200\" srcset=\"https:\/\/www.blogdothame.blog.br\/v1\/wp-content\/uploads\/2022\/04\/ssp-indigenas-1-300x200.jpg 300w, https:\/\/www.blogdothame.blog.br\/v1\/wp-content\/uploads\/2022\/04\/ssp-indigenas-1.jpg 512w\" sizes=\"(max-width: 300px) 100vw, 300px\" \/><\/a>Mandarino solicitou ao grupo um levantamento das \u00e1reas amea\u00e7adas, com nomes de poss\u00edveis autores e quais s\u00e3o os tipos de agress\u00f5es sofridas. Informou tamb\u00e9m que realizar\u00e1 reuni\u00e3o com os comandos da PM e PC, nas regi\u00f5es afetadas.<br \/>\n&#8220;Respeitamos a hist\u00f3ria ind\u00edgena e sabemos da import\u00e2ncia para o nosso pa\u00eds. Estamos aqui para ajudar e abriremos um canal direto de di\u00e1logo com voc\u00eas&#8221;, afirmou o secret\u00e1rio da Seguran\u00e7a P\u00fablica, Ricardo Mandarino.<\/p>\n<p>Fotos: Alberto Maraux<\/p>\n","protected":false},"excerpt":{"rendered":"<p>Um Plano de Prote\u00e7\u00e3o para \u00e1reas ind\u00edgenas amea\u00e7adas ser\u00e1 planejado pela Secretaria da Seguran\u00e7a P\u00fablica da Bahia. O an\u00fancio foi realizado pelo secret\u00e1rio Ricardo Mandarino, na manh\u00e3 desta sexta-feira (29), durante reuni\u00e3o com caciques baianos. Mandarino solicitou ao grupo um levantamento das \u00e1reas amea\u00e7adas, com nomes de poss\u00edveis autores e quais s\u00e3o os tipos de [&hellip;]<\/p>\n","protected":false},"author":2,"featured_media":0,"comment_status":"open","ping_status":"open","sticky":false,"template":"","format":"standard","meta":{"_links_to":"","_links_to_target":""},"categories":[1],"tags":[51,32697,1570],"_links":{"self":[{"href":"https:\/\/www.blogdothame.blog.br\/v1\/wp-json\/wp\/v2\/posts\/134444"}],"collection":[{"href":"https:\/\/www.blogdothame.blog.br\/v1\/wp-json\/wp\/v2\/posts"}],"about":[{"href":"https:\/\/www.blogdothame.blog.br\/v1\/wp-json\/wp\/v2\/types\/post"}],"author":[{"embeddable":true,"href":"https:\/\/www.blogdothame.blog.br\/v1\/wp-json\/wp\/v2\/users\/2"}],"replies":[{"embeddable":true,"href":"https:\/\/www.blogdothame.blog.br\/v1\/wp-json\/wp\/v2\/comments?post=134444"}],"version-history":[{"count":1,"href":"https:\/\/www.blogdothame.blog.br\/v1\/wp-json\/wp\/v2\/posts\/134444\/revisions"}],"predecessor-version":[{"id":134447,"href":"https:\/\/www.blogdothame.blog.br\/v1\/wp-json\/wp\/v2\/posts\/134444\/revisions\/134447"}],"wp:attachment":[{"href":"https:\/\/www.blogdothame.blog.br\/v1\/wp-json\/wp\/v2\/media?parent=134444"}],"wp:term":[{"taxonomy":"category","embeddable":true,"href":"https:\/\/www.blogdothame.blog.br\/v1\/wp-json\/wp\/v2\/categories?post=134444"},{"taxonomy":"post_tag","embeddable":true,"href":"https:\/\/www.blogdothame.blog.br\/v1\/wp-json\/wp\/v2\/tags?post=134444"}],"curies":[{"name":"wp","href":"https:\/\/api.w.org\/{rel}","templated":true}]}}