{"id":134416,"date":"2022-04-30T08:00:22","date_gmt":"2022-04-30T11:00:22","guid":{"rendered":"http:\/\/www.blogdothame.blog.br\/v1\/?p=134416"},"modified":"2022-04-29T15:28:00","modified_gmt":"2022-04-29T18:28:00","slug":"abril-marron-e-prevencao-da-cegueira","status":"publish","type":"post","link":"https:\/\/www.blogdothame.blog.br\/v1\/2022\/04\/30\/abril-marron-e-prevencao-da-cegueira\/","title":{"rendered":"Abril Marron e preven\u00e7\u00e3o da cegueira"},"content":{"rendered":"<p style=\"text-align: right;\"><strong>Dr. Rafael Andrade<\/strong><\/p>\n<p>&nbsp;<\/p>\n<p><a href=\"http:\/\/www.blogdothame.blog.br\/v1\/wp-content\/uploads\/2018\/11\/mutir\u00e3o-itabuna-Dr.-Rafael.jpg\"><img loading=\"lazy\" class=\"alignright size-medium wp-image-83286\" src=\"http:\/\/www.blogdothame.blog.br\/v1\/wp-content\/uploads\/2018\/11\/mutir\u00e3o-itabuna-Dr.-Rafael-300x268.jpg\" alt=\"mutir\u00e3o itabuna Dr. Rafael\" width=\"300\" height=\"268\" srcset=\"https:\/\/www.blogdothame.blog.br\/v1\/wp-content\/uploads\/2018\/11\/mutir\u00e3o-itabuna-Dr.-Rafael-300x268.jpg 300w, https:\/\/www.blogdothame.blog.br\/v1\/wp-content\/uploads\/2018\/11\/mutir\u00e3o-itabuna-Dr.-Rafael.jpg 738w\" sizes=\"(max-width: 300px) 100vw, 300px\" \/><\/a>O Abril Marrom teve como objetivo alertar sobre a Preven\u00e7\u00e3o, o Combate e a Reabilita\u00e7\u00e3o aos diversos tipos de cegueira.<\/p>\n<p>Durante todo o m\u00eas, entidades m\u00e9dicas, hospitais, associa\u00e7\u00f5es de pacientes e \u00f3rg\u00e3os governamentais realizam\u00a0atividades de conscientiza\u00e7\u00e3o da popula\u00e7\u00e3o sobre os cuidados com a vis\u00e3o. Durante o Abril Marrom, ocorrem ainda mutir\u00f5es de atendimento oftalmol\u00f3gico e eventos sobre o tema.<\/p>\n<p>A iniciativa \u00e9 fundamental, j\u00e1 que a maioria dos casos de cegueira \u00e9 \u00a0trat\u00e1vel quando diagnosticada precocemente. Segundo a Organiza\u00e7\u00e3o Mundial da Sa\u00fade (OMS), de 60% a 80% dos casos de cegueira s\u00e3o evit\u00e1veis, e s\u00f3 no Brasil, segundo o IBGE (Instituto Brasileiro de Geografia e Estat\u00edstica) , s\u00e3o mais de 6 milh\u00f5es de pessoas com algum tipo de defici\u00eancia visual. \u00a0Ent\u00e3o, divulgar a ideia do Abril Marrom significa salvar a vis\u00e3o de milhares de pessoas.<\/p>\n<p>O abril Marrom surgiu em 2016 a partir da iniciativa do Professor Doutor. Suel Abujamra, ex-presidente do\u00a0Conselho Brasileiro de Oftalmologia (CBO).<\/p>\n<p>O m\u00eas de abril foi escolhido por ser neste m\u00eas comemorado o Dia Nacional do Braille, o dia 8 de abril. A data \u00e9 o nascimento de Jos\u00e9 \u00c1lvares de Azevedo (08 de abril de 1834) o professor respons\u00e1vel por trazer, em 1850, o alfabeto Braille ao Brasil. A cor marrom foi a escolhida para a Campanha, por ser a cor de \u00edris mais comum nos olhos dos brasileiros.<br \/>\nAs principais causas da cegueira em adultos s\u00e3o a catarata, o glaucoma, a degenera\u00e7\u00e3o macular relacionada \u00e0 idade (DMRI) e o diabetes (ou edema macular diab\u00e9tico \u2013 EMD).<\/p>\n<p>&nbsp;<\/p>\n<p><!--more--><\/p>\n<p>A catarata \u00e9 uma doen\u00e7a que, geralmente, vai provocar baixa acuidade visual progressiva. \u201cA pessoa vai come\u00e7ar a ver a imagem mais emba\u00e7ada, mais enevoada\u201d. \u00c9 uma doen\u00e7a cujo tratamento se faz por meio de cirurgia, e o paciente consegue recuperar a vis\u00e3o. Das quatro doen\u00e7as mencionadas, a catarata \u00e9 a que tem tratamento que mais assegura a regress\u00e3o. As outras tr\u00eas t\u00eam caracter\u00edsticas diversas e necessitam preven\u00e7\u00e3o.<\/p>\n<p>H\u00e1 v\u00e1rios tipos de glaucoma, doen\u00e7a que deve afetar 112 milh\u00f5es de pessoas em ate 2040, segundo proje\u00e7\u00e3o da OMS. O tipo mais comum \u00e9 o glaucoma cr\u00f4nico simples. \u201c\u00c9 uma doen\u00e7a silenciosa, n\u00e3o d\u00e1 sintomas. S\u00f3 fica percept\u00edvel quando \u00e9 terminal. E, ao contr\u00e1rio da catarata, a perda que ele (glaucoma) provoca \u00e9 irrevers\u00edvel\u201d. Por isso, existe grande preocupa\u00e7\u00e3o dos oftalmologistas e dos m\u00e9dicos em geral, em detectar inicialmente, quando a doen\u00e7a se instala. \u201cQuando a gente detecta no in\u00edcio, consegue controlar. A doen\u00e7a n\u00e3o tem cura, mas \u00e9 poss\u00edvel controlar com o uso de col\u00edrios para press\u00e3o ocular, de modo a evitar\u00a0 dano no nervo \u00f3ptico, que pode causar a perda de vis\u00e3o\u201d.<\/p>\n<p>A degenera\u00e7\u00e3o macular relacionada \u00e0 idade atinge a popula\u00e7\u00e3o mais idosa, ap\u00f3s os 60 ou 70 anos. A OMS estima que cerca de 30 milh\u00f5es de pessoas no mundo t\u00eam DMRI atualmente. A doen\u00e7a tem duas formas: seca e \u00famida. Para a forma seca, a proposta \u00e9 um composto de vitaminas para retardar a evolu\u00e7\u00e3o. Para a forma \u00famida, quando em atividade, o tratamento \u00e9 com farmacoterapia intraocular que, muitas vezes, consegue controlar.<\/p>\n<p>&nbsp;<\/p>\n<p>&nbsp;<\/p>\n<p>Entre as causas mais comuns de cegueira evit\u00e1vel no Brasil est\u00e3o: a catarata, o glaucoma, a retinopatia diab\u00e9tica e a degenera\u00e7\u00e3o macular relacionada \u00e0 idade (DMRI) al\u00e9m das causas de cegueira infantil. Essas doen\u00e7as atingem milhares de pessoas e podem ser tratadas com efic\u00e1cia quando diagnosticadas precocemente. A visita ao oftalmologista deve ocorrer desde a primeira inf\u00e2ncia e em todas as fases de vida \u00e9 preciso monitorar a sa\u00fade dos olhos. Muitas dessas doen\u00e7as s\u00e3o silenciosas, n\u00e3o apresentando sintomas nas fases iniciais, detect\u00e1-las precocemente previne a perda da vis\u00e3o, por isso \u00e9 essencial ir ao oftalmologista no m\u00ednimo uma vez ao ano.<\/p>\n<p>O diabetes \u00e9 considerado a principal causa de perda visual evit\u00e1vel na popula\u00e7\u00e3o economicamente ativa, em diversos pa\u00edses. Considera-se que 95% dos casos de perda visual pelo diabetes s\u00e3o evit\u00e1veis ou trat\u00e1veis. A pessoa que tem diabetes vai precisar de uma avalia\u00e7\u00e3o oftalmol\u00f3gica, que inclui exame da retina (membrana do fundo do olho) pelo menos uma vez por ano. Nesse exame, podem ser detectadas altera\u00e7\u00f5es que as pessoas, \u00e0s vezes, n\u00e3o percebem nem afetam sua vis\u00e3o naquele momento, mas que j\u00e1 podem representar um dano e devem ser tratadas. O fato de existir no Brasil entre 13 milh\u00f5es e 14 milh\u00f5es de pessoas com diabetes d\u00e1 grande \u00eanfase \u00e0 import\u00e2ncia dos exames preventivos. \u201cA grande batalha da classe m\u00e9dica \u00e9 conseguir realizar a cobertura diagn\u00f3stica dos pacientes que precisam do exame\u201d.<\/p>\n<p>&nbsp;<\/p>\n<p>&nbsp;<\/p>\n<p>Como j\u00e1 vimos boa parte dessas doen\u00e7as de grande impacto s\u00e3o inicialmente assintom\u00e1ticas ou com pouco sintomas, onde a grande maioria dos pacientes, cuja queixa de problemas visuais esteja relacionada a \u00f3culos, s\u00f3 vai saber se tem alguma coisa mais grave se fizer exame de fundo de olho, medi\u00e7\u00e3o da press\u00e3o ocular com o oftalmologista, com frequ\u00eancia anual.<\/p>\n<p>&nbsp;<\/p>\n<p>Portanto, \u00e9\u00a0 imperativo destacar import\u00e2ncia da consulta peri\u00f3dica completa com um oftalmologista, principalmente, a partir dos 40 anos, pelo menos uma vez ao ano, para detectar, al\u00e9m de altera\u00e7\u00f5es de refra\u00e7\u00e3o, de grau e, eventualmente, a catarata, se h\u00e1 ind\u00edcio de glaucoma e, em pacientes mais idosos, sinais precoces da degenera\u00e7\u00e3o macular, para orientar o acompanhamento, a frequ\u00eancia de retorno ou o uso de compostos vitam\u00ednicos para retardar a progress\u00e3o ou, no caso da doen\u00e7a ativa, o tratamento.<\/p>\n<p>&nbsp;<\/p>\n<p>&nbsp;<\/p>\n<p>\u00c9 fundamental a detec\u00e7\u00e3o precoce dessas doen\u00e7as oculares evit\u00e1veis, pois a gente consegue chegar antes de danos maiores j\u00e1 estabelecidos evit\u00e1veis, para isso uma rotina de visitas ao oftalmologista \u00e9 imprescind\u00edvel para melhorar as condi\u00e7\u00f5es de sa\u00fade ocular das pessoas no pa\u00eds\u201d, destaco que tr\u00eas fatores s\u00e3o decisivos para a manuten\u00e7\u00e3o da sa\u00fade ocular: estilo de vida equilibrado e saud\u00e1vel, diagn\u00f3stico precoce e tratamento adequado.<\/p>\n<p>&nbsp;<\/p>\n<p>Outra medida importante para um pa\u00eds continental ainda muito desigual como nosso, s\u00e3o os grandes projetos de rastreamento destas doen\u00e7as oculares, como os grandes Mutir\u00f5es do Diabetes que se iniciaram h\u00e1 18 anos em Itabuna na Bahia e alongo dos anos vem sendo realizados em v\u00e1rias cidades do Brasil, e vem evoluindo, cada vez mais efetivos, ainda mais com a chegada da Telemedicina, Campanhas de Glaucoma e de Cirurgia de Catarata. Al\u00e9m grandes movimentos do Conselho Brasileiro de Oftalmologia para aumentar o acesso, caminhando para fortalecer a presen\u00e7a e participa\u00e7\u00e3o da Oftalmologia na sa\u00fade b\u00e1sica familiar.<\/p>\n<p>&nbsp;<\/p>\n<p>Segundo o Diretor do Departamento de Sa\u00fade Ocular da SBD Dr. Fernando Malerbi tem um outro grande projeto para jovens diab\u00e9ticos que acabou de ser lan\u00e7ado a fim permitir a realiza\u00e7\u00e3o do exame do fundo de olho em n\u00famero amplo de pacientes diab\u00e9ticos, a SBD lan\u00e7ou programa para que m\u00e9dicos\u00a0oftalmologistas recebam voluntariamente, em seus consult\u00f3rios, pacientes jovens com diabetes que n\u00e3o t\u00eam acesso a esse tipo de investiga\u00e7\u00e3o. O projeto piloto foi lan\u00e7ado no Rio de Janeiro e \u00e9 coordenado pela vice-presidente da SBD, Solange Travassos. Outras entidades se engajaram no projeto, como a SBRV, o Conselho Brasileiro de Oftalmologia e a Sociedade Brasileira de Oftalmologia.<\/p>\n<p>&nbsp;<\/p>\n<p>&nbsp;<\/p>\n<p>&#8212;<\/p>\n<p>O Dr. Rafael Andrade \u00e9 coordenador do Centro Avan\u00e7ado em Retina e V\u00edtreo do Hospital Beira Rio e idealizador do Mutir\u00e3o do Diabetes de Itabuna<\/p>\n","protected":false},"excerpt":{"rendered":"<p>Dr. Rafael Andrade &nbsp; O Abril Marrom teve como objetivo alertar sobre a Preven\u00e7\u00e3o, o Combate e a Reabilita\u00e7\u00e3o aos diversos tipos de cegueira. Durante todo o m\u00eas, entidades m\u00e9dicas, hospitais, associa\u00e7\u00f5es de pacientes e \u00f3rg\u00e3os governamentais realizam\u00a0atividades de conscientiza\u00e7\u00e3o da popula\u00e7\u00e3o sobre os cuidados com a vis\u00e3o. Durante o Abril Marrom, ocorrem ainda mutir\u00f5es [&hellip;]<\/p>\n","protected":false},"author":2,"featured_media":0,"comment_status":"open","ping_status":"open","sticky":false,"template":"","format":"standard","meta":{"_links_to":"","_links_to_target":""},"categories":[1],"tags":[794],"_links":{"self":[{"href":"https:\/\/www.blogdothame.blog.br\/v1\/wp-json\/wp\/v2\/posts\/134416"}],"collection":[{"href":"https:\/\/www.blogdothame.blog.br\/v1\/wp-json\/wp\/v2\/posts"}],"about":[{"href":"https:\/\/www.blogdothame.blog.br\/v1\/wp-json\/wp\/v2\/types\/post"}],"author":[{"embeddable":true,"href":"https:\/\/www.blogdothame.blog.br\/v1\/wp-json\/wp\/v2\/users\/2"}],"replies":[{"embeddable":true,"href":"https:\/\/www.blogdothame.blog.br\/v1\/wp-json\/wp\/v2\/comments?post=134416"}],"version-history":[{"count":2,"href":"https:\/\/www.blogdothame.blog.br\/v1\/wp-json\/wp\/v2\/posts\/134416\/revisions"}],"predecessor-version":[{"id":134418,"href":"https:\/\/www.blogdothame.blog.br\/v1\/wp-json\/wp\/v2\/posts\/134416\/revisions\/134418"}],"wp:attachment":[{"href":"https:\/\/www.blogdothame.blog.br\/v1\/wp-json\/wp\/v2\/media?parent=134416"}],"wp:term":[{"taxonomy":"category","embeddable":true,"href":"https:\/\/www.blogdothame.blog.br\/v1\/wp-json\/wp\/v2\/categories?post=134416"},{"taxonomy":"post_tag","embeddable":true,"href":"https:\/\/www.blogdothame.blog.br\/v1\/wp-json\/wp\/v2\/tags?post=134416"}],"curies":[{"name":"wp","href":"https:\/\/api.w.org\/{rel}","templated":true}]}}