{"id":134400,"date":"2022-04-29T14:44:19","date_gmt":"2022-04-29T17:44:19","guid":{"rendered":"http:\/\/www.blogdothame.blog.br\/v1\/?p=134400"},"modified":"2022-04-29T14:48:39","modified_gmt":"2022-04-29T17:48:39","slug":"balanco-mostra-a-necessidade-da-vacinacao-contra-sarampo-itabuna-tera-dia-d","status":"publish","type":"post","link":"https:\/\/www.blogdothame.blog.br\/v1\/2022\/04\/29\/balanco-mostra-a-necessidade-da-vacinacao-contra-sarampo-itabuna-tera-dia-d\/","title":{"rendered":"Balan\u00e7o mostra a necessidade da vacina\u00e7\u00e3o contra sarampo; Itabuna ter\u00e1 Dia D"},"content":{"rendered":"<p><a href=\"http:\/\/www.blogdothame.blog.br\/v1\/wp-content\/uploads\/2022\/04\/sarampo.jpg\"><img loading=\"lazy\" class=\"alignright size-medium wp-image-134402\" src=\"http:\/\/www.blogdothame.blog.br\/v1\/wp-content\/uploads\/2022\/04\/sarampo-300x190.jpg\" alt=\"sarampo\" width=\"300\" height=\"190\" srcset=\"https:\/\/www.blogdothame.blog.br\/v1\/wp-content\/uploads\/2022\/04\/sarampo-300x190.jpg 300w, https:\/\/www.blogdothame.blog.br\/v1\/wp-content\/uploads\/2022\/04\/sarampo.jpg 550w\" sizes=\"(max-width: 300px) 100vw, 300px\" \/><\/a>Um balan\u00e7o parcial divulgado pela Rede de Frio da Secretaria Municipal de Sa\u00fade mostra o resultado dos primeiros dias de vacina\u00e7\u00e3o contra tr\u00edplice viral, que al\u00e9m do sarampo tamb\u00e9m protege contra rub\u00e9ola e caxumba. De acordo com os dados, at\u00e9 o meio-dia de quinta-feira, dia 28, foram administradas 6.230 doses contra gripe na popula\u00e7\u00e3o, trabalhadores da \u00e1rea de sa\u00fade receberam 2.500 doses e idosos 3.730 em Itabuna.<\/p>\n<p>O n\u00famero crescente de casos de sarampo no pa\u00eds faz com as autoridades de sa\u00fade alertem a popula\u00e7\u00e3o para a necessidade de imuniza\u00e7\u00e3o, principalmente pais e respons\u00e1veis por crian\u00e7as de seis meses a menores de cinco anos de idade. O sarampo \u00e9 uma doen\u00e7a infecciosa com alto potencial de transmiss\u00e3o que pode deixar sequelas ou, em casos mais graves, pode levar a \u00f3bito.<\/p>\n<p>Por isso, a Prefeitura de Itabuna, por meio da Secretaria Municipal de Sa\u00fade, est\u00e1 fazendo uma grande mobiliza\u00e7\u00e3o de profissionais e t\u00e9cnicos das Unidades B\u00e1sicas e de Sa\u00fade da Fam\u00edlia para o Dia D da vacina\u00e7\u00e3o, amanh\u00e3, dia 30. Entre as 8 e 16 horas, os pais e tutores levem as crian\u00e7as aos locais de vacina\u00e7\u00e3o, incluindo o Centro de Sa\u00fade Jos\u00e9 Maria de Magalh\u00e3es (antigo Sesp).<\/p>\n<p><!--more--><\/p>\n<p>Amanh\u00e3 tamb\u00e9m ser\u00e3o vacinados contra Influenza todos os grupos, dentre eles; crian\u00e7as de seis meses a menores de 5 anos, pu\u00e9rperas, profissionais de salvamento, trabalhadores de sa\u00fade, idosos acima de 60 anos, gestantes, portadores de doen\u00e7as cr\u00f4nicas e defici\u00eancias permanentes, profissionais do sistema prisional, e professores de rede p\u00fablica ou privada.<\/p>\n<p>Segundo o Minist\u00e9rio da Sa\u00fade (MS) no in\u00edcio do ano de 2022 os casos de sarampo no mundo aumentaram cerca de 79% comparados ao mesmo per\u00edodo de 2021. S\u00e3o dados preocupantes ocasionados pela interrup\u00e7\u00e3o das campanhas de vacina\u00e7\u00e3o em decorr\u00eancia da pandemia do coronav\u00edrus.<br \/>\n______________________________<\/p>\n","protected":false},"excerpt":{"rendered":"<p>Um balan\u00e7o parcial divulgado pela Rede de Frio da Secretaria Municipal de Sa\u00fade mostra o resultado dos primeiros dias de vacina\u00e7\u00e3o contra tr\u00edplice viral, que al\u00e9m do sarampo tamb\u00e9m protege contra rub\u00e9ola e caxumba. De acordo com os dados, at\u00e9 o meio-dia de quinta-feira, dia 28, foram administradas 6.230 doses contra gripe na popula\u00e7\u00e3o, trabalhadores [&hellip;]<\/p>\n","protected":false},"author":2,"featured_media":0,"comment_status":"open","ping_status":"open","sticky":false,"template":"","format":"standard","meta":{"_links_to":"","_links_to_target":""},"categories":[1],"tags":[12956,39,278],"_links":{"self":[{"href":"https:\/\/www.blogdothame.blog.br\/v1\/wp-json\/wp\/v2\/posts\/134400"}],"collection":[{"href":"https:\/\/www.blogdothame.blog.br\/v1\/wp-json\/wp\/v2\/posts"}],"about":[{"href":"https:\/\/www.blogdothame.blog.br\/v1\/wp-json\/wp\/v2\/types\/post"}],"author":[{"embeddable":true,"href":"https:\/\/www.blogdothame.blog.br\/v1\/wp-json\/wp\/v2\/users\/2"}],"replies":[{"embeddable":true,"href":"https:\/\/www.blogdothame.blog.br\/v1\/wp-json\/wp\/v2\/comments?post=134400"}],"version-history":[{"count":2,"href":"https:\/\/www.blogdothame.blog.br\/v1\/wp-json\/wp\/v2\/posts\/134400\/revisions"}],"predecessor-version":[{"id":134403,"href":"https:\/\/www.blogdothame.blog.br\/v1\/wp-json\/wp\/v2\/posts\/134400\/revisions\/134403"}],"wp:attachment":[{"href":"https:\/\/www.blogdothame.blog.br\/v1\/wp-json\/wp\/v2\/media?parent=134400"}],"wp:term":[{"taxonomy":"category","embeddable":true,"href":"https:\/\/www.blogdothame.blog.br\/v1\/wp-json\/wp\/v2\/categories?post=134400"},{"taxonomy":"post_tag","embeddable":true,"href":"https:\/\/www.blogdothame.blog.br\/v1\/wp-json\/wp\/v2\/tags?post=134400"}],"curies":[{"name":"wp","href":"https:\/\/api.w.org\/{rel}","templated":true}]}}