{"id":133985,"date":"2022-04-19T15:10:21","date_gmt":"2022-04-19T18:10:21","guid":{"rendered":"http:\/\/www.blogdothame.blog.br\/v1\/?p=133985"},"modified":"2022-04-19T15:51:02","modified_gmt":"2022-04-19T18:51:02","slug":"itabuna-uniao-europeia-e-igreja-catolica-entregam-os-primeiros-100-cartoes-a-familias-vitimas-das-enchentes","status":"publish","type":"post","link":"https:\/\/www.blogdothame.blog.br\/v1\/2022\/04\/19\/itabuna-uniao-europeia-e-igreja-catolica-entregam-os-primeiros-100-cartoes-a-familias-vitimas-das-enchentes\/","title":{"rendered":"Itabuna: Uni\u00e3o Europeia e Igreja Cat\u00f3lica entregam os primeiros 100 cart\u00f5es a fam\u00edlias v\u00edtimas das enchentes"},"content":{"rendered":"<p><a href=\"http:\/\/www.blogdothame.blog.br\/v1\/wp-content\/uploads\/2022\/04\/caritas-1.jpg\"><img loading=\"lazy\" class=\"alignleft size-medium wp-image-133986\" src=\"http:\/\/www.blogdothame.blog.br\/v1\/wp-content\/uploads\/2022\/04\/caritas-1-300x207.jpg\" alt=\"caritas 1\" width=\"300\" height=\"207\" srcset=\"https:\/\/www.blogdothame.blog.br\/v1\/wp-content\/uploads\/2022\/04\/caritas-1-300x207.jpg 300w, https:\/\/www.blogdothame.blog.br\/v1\/wp-content\/uploads\/2022\/04\/caritas-1.jpg 793w\" sizes=\"(max-width: 300px) 100vw, 300px\" \/><\/a>A C\u00e1ritas Brasileira \u2013 organiza\u00e7\u00e3o da Igreja Cat\u00f3lica no Brasil -, representando a Uni\u00e3o Europeia, C\u00e1ritas B\u00e9lgica e C\u00e1ritas Su\u00ed\u00e7a \u2013 iniciou nesta ter\u00e7a-feira, dia 19, no sal\u00e3o da Par\u00f3quia Santa Maria Madalena, no Bairro Nova Itabuna, a entrega dos 100 primeiros cart\u00f5es multiprop\u00f3sito \u00e0s fam\u00edlias\u00a0 diretamente afetadas pelas enchentes do final de dezembro passado. O cr\u00e9dito poder\u00e1 ser utilizado no com\u00e9rcio itabunense.<\/p>\n<p>Esta ajuda humanit\u00e1ria, \u00e9 resultado do Programa Resposta Emergencial Bahia e Minas Gerais que destinar\u00e1 380 cart\u00f5es, no valor de R$ 3 mil por fam\u00edlia, somente para Itabuna.\u00a0 A coordenadora da C\u00e1ritas no Brasil, Valqu\u00edria Lima, explica que o Programa Resposta Emergencial foi criado para auxiliar as fam\u00edlias que tiveram maiores perdas e impactos nas suas vidas por conta da maior trag\u00e9dia natural dos \u00faltimos anos.<\/p>\n<p>A coordenadora do Sistema \u00danico de Assist\u00eancia Social (SUAS), Suse Mayre Azevedo, representou a Secretaria de Promo\u00e7\u00e3o Social e Combate \u00e0 Pobreza. Na oportunidade, ela ressaltou a import\u00e2ncia deste trabalho da C\u00e1ritas e Uni\u00e3o Europeia.<\/p>\n<p><!--more--><\/p>\n<p>\u201cNosso sentimento \u00e9 de gratid\u00e3o por Itabuna ser escolhida para receber essa ajuda. Agradecemos a C\u00e1ritas por se juntar ao trabalho que a Prefeitura de Itabuna realizou quando tamb\u00e9m\u00a0 doou, por meio do Programa Recome\u00e7o, um cart\u00e3o no valor de R$ 3 mil para\u00a0 3.500 fam\u00edlias mais vulner\u00e1veis, al\u00e9m do aluguel social. Sabemos que mais de sete mil fam\u00edlias foram afetadas pelas enchentes e que o munic\u00edpio sozinho n\u00e3o conseguiria ajudar a todos\u201d, ressaltou Suse Meyre.<\/p>\n<p>O padre Tony Val\u00e9rio, da Par\u00f3quia Maria Madalena, tamb\u00e9m agradeceu a iniciativa. \u201cPara mim \u00e9 uma grande provid\u00eancia de Deus, diante daquela calamidade em que muitas pessoas perderam casas e m\u00f3veis. Primeiro, tivemos a ajuda da Prefeitura. Agora, recebemos da C\u00e1ritas e da Uni\u00e3o Europeia. \u00c9 com muita alegria que recebemos este apoio\u201d.<\/p>\n","protected":false},"excerpt":{"rendered":"<p>A C\u00e1ritas Brasileira \u2013 organiza\u00e7\u00e3o da Igreja Cat\u00f3lica no Brasil -, representando a Uni\u00e3o Europeia, C\u00e1ritas B\u00e9lgica e C\u00e1ritas Su\u00ed\u00e7a \u2013 iniciou nesta ter\u00e7a-feira, dia 19, no sal\u00e3o da Par\u00f3quia Santa Maria Madalena, no Bairro Nova Itabuna, a entrega dos 100 primeiros cart\u00f5es multiprop\u00f3sito \u00e0s fam\u00edlias\u00a0 diretamente afetadas pelas enchentes do final de dezembro passado. [&hellip;]<\/p>\n","protected":false},"author":2,"featured_media":0,"comment_status":"open","ping_status":"open","sticky":false,"template":"","format":"standard","meta":{"_links_to":"","_links_to_target":""},"categories":[1],"tags":[32636,1696,39,8192,32635],"_links":{"self":[{"href":"https:\/\/www.blogdothame.blog.br\/v1\/wp-json\/wp\/v2\/posts\/133985"}],"collection":[{"href":"https:\/\/www.blogdothame.blog.br\/v1\/wp-json\/wp\/v2\/posts"}],"about":[{"href":"https:\/\/www.blogdothame.blog.br\/v1\/wp-json\/wp\/v2\/types\/post"}],"author":[{"embeddable":true,"href":"https:\/\/www.blogdothame.blog.br\/v1\/wp-json\/wp\/v2\/users\/2"}],"replies":[{"embeddable":true,"href":"https:\/\/www.blogdothame.blog.br\/v1\/wp-json\/wp\/v2\/comments?post=133985"}],"version-history":[{"count":1,"href":"https:\/\/www.blogdothame.blog.br\/v1\/wp-json\/wp\/v2\/posts\/133985\/revisions"}],"predecessor-version":[{"id":133987,"href":"https:\/\/www.blogdothame.blog.br\/v1\/wp-json\/wp\/v2\/posts\/133985\/revisions\/133987"}],"wp:attachment":[{"href":"https:\/\/www.blogdothame.blog.br\/v1\/wp-json\/wp\/v2\/media?parent=133985"}],"wp:term":[{"taxonomy":"category","embeddable":true,"href":"https:\/\/www.blogdothame.blog.br\/v1\/wp-json\/wp\/v2\/categories?post=133985"},{"taxonomy":"post_tag","embeddable":true,"href":"https:\/\/www.blogdothame.blog.br\/v1\/wp-json\/wp\/v2\/tags?post=133985"}],"curies":[{"name":"wp","href":"https:\/\/api.w.org\/{rel}","templated":true}]}}