{"id":133981,"date":"2022-04-19T14:30:38","date_gmt":"2022-04-19T17:30:38","guid":{"rendered":"http:\/\/www.blogdothame.blog.br\/v1\/?p=133981"},"modified":"2022-04-19T13:12:58","modified_gmt":"2022-04-19T16:12:58","slug":"ibicui-e-camaca-recebem-sac-movel-com-atendimento-exclusivo-para-criancas","status":"publish","type":"post","link":"https:\/\/www.blogdothame.blog.br\/v1\/2022\/04\/19\/ibicui-e-camaca-recebem-sac-movel-com-atendimento-exclusivo-para-criancas\/","title":{"rendered":"Ibicu\u00ed e Camac\u00e3 recebem SAC M\u00f3vel com atendimento exclusivo para crian\u00e7as"},"content":{"rendered":"<p><a href=\"http:\/\/www.blogdothame.blog.br\/v1\/wp-content\/uploads\/2022\/04\/sac-inf.jpg\"><img loading=\"lazy\" class=\"alignright size-medium wp-image-133982\" src=\"http:\/\/www.blogdothame.blog.br\/v1\/wp-content\/uploads\/2022\/04\/sac-inf-300x169.jpg\" alt=\"sac inf\" width=\"300\" height=\"169\" srcset=\"https:\/\/www.blogdothame.blog.br\/v1\/wp-content\/uploads\/2022\/04\/sac-inf-300x169.jpg 300w, https:\/\/www.blogdothame.blog.br\/v1\/wp-content\/uploads\/2022\/04\/sac-inf.jpg 488w\" sizes=\"(max-width: 300px) 100vw, 300px\" \/><\/a>O Projeto Pequeno Cidad\u00e3o, que promove um atendimento exclusivo a crian\u00e7as para a emiss\u00e3o de RG e CPF, acontece em Ibicu\u00ed e Camac\u00e3. Nesta quarta-feira (20), o SAC M\u00f3vel realiza a a\u00e7\u00e3o em Ibicu\u00ed. J\u00e1 na pr\u00f3xima sexta-feira (22), ser\u00e1 em Camac\u00e3, a 511 km de Salvador. O atendimento, em um ambiente l\u00fadico e preparado para o p\u00fablico infantil, ser\u00e1 de 8h \u00e0s 17h, por ordem de chegada.<\/p>\n<p>Em 2022, o Projeto Pequeno Cidad\u00e3o j\u00e1 aconteceu em 21 munic\u00edpios: D\u00e1rio Meira, Ibicara\u00ed, Ibirataia, Itaj\u00fa do Col\u00f4nia, Jiquiri\u00e7\u00e1, Laje, Lajed\u00e3o, Ubat\u00e3, Ibirapu\u00e3, Jussari, Medeiros Neto, Arataca, Itanh\u00e9m, Santa In\u00eas, Itoror\u00f3, Pau Brasil, Nova Itarana, Planaltino, Una, Santa Luzia e Firmino Alves. No total, foram realizados mais de 2 mil atendimentos. Vale ressaltar que para emiss\u00e3o de RG \u00e9 necess\u00e1rio apresentar a Certid\u00e3o de Nascimento original.<\/p>\n<p>A coordenadora do SAC M\u00f3vel, Cim\u00e1ria Silva, refor\u00e7a a import\u00e2ncia da realiza\u00e7\u00e3o do Projeto Pequeno Cidad\u00e3o. \u201cPercebemos a grande quantidade de crian\u00e7as precisando dos documentos nas cidades do interior, ent\u00e3o decidimos destinar um dia para focarmos nesse p\u00fablico, facilitando tamb\u00e9m a vida dos respons\u00e1veis. Assim estaremos promovendo um dia de alegria com servi\u00e7os de cidadania\u201d, salienta.<\/p>\n<p><!--more--><\/p>\n<p>Vale lembrar que para ter acesso aos postos SAC, incluindo o SAC M\u00f3vel, \u00e9 necess\u00e1rio apresentar comprovante de vacina\u00e7\u00e3o completa contra a covid-19 (incluindo a dose de refor\u00e7o). Para outras informa\u00e7\u00f5es, a Secretaria da Administra\u00e7\u00e3o (Saeb) disponibiliza o portal SAC Digital (www.sacdigital.ba.gov.br) e o site institucional do SAC (www.sac.ba.gov.br), al\u00e9m do call center: (71) 4020-5353 (capitais e regi\u00f5es metropolitanas, com custo de liga\u00e7\u00e3o local); ou 0800 071 5353 (liga\u00e7\u00e3o de outras localidades, de telefone fixo ou celular).<\/p>\n<p>Confira o per\u00edodo e locais de atendimento do SAC M\u00f3vel:<\/p>\n<p>&#8211; Ibicu\u00ed:* Pra\u00e7a S\u00e3o Pedro, pr\u00f3ximo \u00e0 Igreja Matriz (De 18 a 20 de abril)<br \/>\n&#8211; Camac\u00e3:* Pra\u00e7a Rui Barbosa, antiga Pra\u00e7a do Ben\u00e9 (De 20 a 22 de abril)<\/p>\n","protected":false},"excerpt":{"rendered":"<p>O Projeto Pequeno Cidad\u00e3o, que promove um atendimento exclusivo a crian\u00e7as para a emiss\u00e3o de RG e CPF, acontece em Ibicu\u00ed e Camac\u00e3. Nesta quarta-feira (20), o SAC M\u00f3vel realiza a a\u00e7\u00e3o em Ibicu\u00ed. J\u00e1 na pr\u00f3xima sexta-feira (22), ser\u00e1 em Camac\u00e3, a 511 km de Salvador. O atendimento, em um ambiente l\u00fadico e preparado [&hellip;]<\/p>\n","protected":false},"author":2,"featured_media":0,"comment_status":"open","ping_status":"open","sticky":false,"template":"","format":"standard","meta":{"_links_to":"","_links_to_target":""},"categories":[1],"tags":[4423,1621,23395,12300],"_links":{"self":[{"href":"https:\/\/www.blogdothame.blog.br\/v1\/wp-json\/wp\/v2\/posts\/133981"}],"collection":[{"href":"https:\/\/www.blogdothame.blog.br\/v1\/wp-json\/wp\/v2\/posts"}],"about":[{"href":"https:\/\/www.blogdothame.blog.br\/v1\/wp-json\/wp\/v2\/types\/post"}],"author":[{"embeddable":true,"href":"https:\/\/www.blogdothame.blog.br\/v1\/wp-json\/wp\/v2\/users\/2"}],"replies":[{"embeddable":true,"href":"https:\/\/www.blogdothame.blog.br\/v1\/wp-json\/wp\/v2\/comments?post=133981"}],"version-history":[{"count":1,"href":"https:\/\/www.blogdothame.blog.br\/v1\/wp-json\/wp\/v2\/posts\/133981\/revisions"}],"predecessor-version":[{"id":133983,"href":"https:\/\/www.blogdothame.blog.br\/v1\/wp-json\/wp\/v2\/posts\/133981\/revisions\/133983"}],"wp:attachment":[{"href":"https:\/\/www.blogdothame.blog.br\/v1\/wp-json\/wp\/v2\/media?parent=133981"}],"wp:term":[{"taxonomy":"category","embeddable":true,"href":"https:\/\/www.blogdothame.blog.br\/v1\/wp-json\/wp\/v2\/categories?post=133981"},{"taxonomy":"post_tag","embeddable":true,"href":"https:\/\/www.blogdothame.blog.br\/v1\/wp-json\/wp\/v2\/tags?post=133981"}],"curies":[{"name":"wp","href":"https:\/\/api.w.org\/{rel}","templated":true}]}}