{"id":133935,"date":"2022-04-18T16:23:44","date_gmt":"2022-04-18T19:23:44","guid":{"rendered":"http:\/\/www.blogdothame.blog.br\/v1\/?p=133935"},"modified":"2022-04-18T18:24:27","modified_gmt":"2022-04-18T21:24:27","slug":"programa-educar-para-trabalhar-oferece-sete-cursos-para-o-setor-rural","status":"publish","type":"post","link":"https:\/\/www.blogdothame.blog.br\/v1\/2022\/04\/18\/programa-educar-para-trabalhar-oferece-sete-cursos-para-o-setor-rural\/","title":{"rendered":"Programa Educar Para Trabalhar oferece sete cursos para o setor rural"},"content":{"rendered":"<p><a href=\"http:\/\/www.blogdothame.blog.br\/v1\/wp-content\/uploads\/2022\/04\/educ-trab.jpeg\"><img loading=\"lazy\" class=\"alignright size-medium wp-image-133936\" src=\"http:\/\/www.blogdothame.blog.br\/v1\/wp-content\/uploads\/2022\/04\/educ-trab-300x200.jpeg\" alt=\"educ trab\" width=\"300\" height=\"200\" srcset=\"https:\/\/www.blogdothame.blog.br\/v1\/wp-content\/uploads\/2022\/04\/educ-trab-300x200.jpeg 300w, https:\/\/www.blogdothame.blog.br\/v1\/wp-content\/uploads\/2022\/04\/educ-trab.jpeg 696w\" sizes=\"(max-width: 300px) 100vw, 300px\" \/><\/a>Seguem abertas, at\u00e9 o dia 9 de maio, as inscri\u00e7\u00f5es para o Programa Educar Para Trabalhar, com sete cursos totalmente gratuitos e 100% on-line, para quem quer estar em dia com as inova\u00e7\u00f5es no setor rural.<\/p>\n<p>Est\u00e3o dispon\u00edveis os cursos profissionalizantes para Agricultor Agroflorestal, Auxiliar Administrativo Rural, Auxiliar Agropecu\u00e1rio, Auxiliar em Agricultura de Precis\u00e3o, Auxiliar em Agroecologia, Bovinocultor de Corte e Bovinocultor de Leite.<\/p>\n<p>O Programa Educar para Trabalhar \u00e9 uma das a\u00e7\u00f5es do Governo da Bahia, executado pela Secretaria da Educa\u00e7\u00e3o do Estado (SEC) e os cursos, com temas voltados para o meio rural, contam com a parceria da Secretaria de Desenvolvimento Rural (SDR).<\/p>\n<p><!--more--><\/p>\n<p>As vagas s\u00e3o destinadas a estudantes e egressos do ensino m\u00e9dio ou dos cursos t\u00e9cnicos de n\u00edvel m\u00e9dio da rede estadual de ensino. O ingresso nos cursos ocorrer\u00e1 por sorteio eletr\u00f4nico, de modo aleat\u00f3rio e equitativo, de car\u00e1ter classificat\u00f3rio, que ser\u00e1 realizado no dia 10 de maio. No mesmo dia ser\u00e1 divulgado o resultado parcial da lista de classificados.<\/p>\n<p>O resultado final ser\u00e1 publicado no dia 13 de maio e as matr\u00edculas acontecer\u00e3o de 14 a 22 de maio. As aulas est\u00e3o programadas para iniciar no dia 23 de maio. Edital\u00a0<a href=\"http:\/\/www.educacao.ba.gov.br\/system\/files\/private\/midiateca\/documentos\/2022\/4951.pdf\" target=\"_blank\" rel=\"noreferrer noopener external\" data-wpel-link=\"external\">neste link<\/a>\u00a0e inscri\u00e7\u00f5es\u00a0<a href=\"http:\/\/educarparatrabalhar.educacao.ba.gov.br\/login\" target=\"_blank\" rel=\"noreferrer noopener external\" data-wpel-link=\"external\">neste<\/a>.<\/p>\n<p>As atividades do Educar para Trabalhar, na \u00e1rea de recursos naturais, s\u00e3o desenvolvidas em parceria o Servi\u00e7o Nacional de Aprendizagem Rural (Senar), sendo os mesmos respons\u00e1veis<\/p>\n","protected":false},"excerpt":{"rendered":"<p>Seguem abertas, at\u00e9 o dia 9 de maio, as inscri\u00e7\u00f5es para o Programa Educar Para Trabalhar, com sete cursos totalmente gratuitos e 100% on-line, para quem quer estar em dia com as inova\u00e7\u00f5es no setor rural. Est\u00e3o dispon\u00edveis os cursos profissionalizantes para Agricultor Agroflorestal, Auxiliar Administrativo Rural, Auxiliar Agropecu\u00e1rio, Auxiliar em Agricultura de Precis\u00e3o, Auxiliar [&hellip;]<\/p>\n","protected":false},"author":2,"featured_media":0,"comment_status":"open","ping_status":"open","sticky":false,"template":"","format":"standard","meta":{"_links_to":"","_links_to_target":""},"categories":[1],"tags":[16,29890,26366],"_links":{"self":[{"href":"https:\/\/www.blogdothame.blog.br\/v1\/wp-json\/wp\/v2\/posts\/133935"}],"collection":[{"href":"https:\/\/www.blogdothame.blog.br\/v1\/wp-json\/wp\/v2\/posts"}],"about":[{"href":"https:\/\/www.blogdothame.blog.br\/v1\/wp-json\/wp\/v2\/types\/post"}],"author":[{"embeddable":true,"href":"https:\/\/www.blogdothame.blog.br\/v1\/wp-json\/wp\/v2\/users\/2"}],"replies":[{"embeddable":true,"href":"https:\/\/www.blogdothame.blog.br\/v1\/wp-json\/wp\/v2\/comments?post=133935"}],"version-history":[{"count":1,"href":"https:\/\/www.blogdothame.blog.br\/v1\/wp-json\/wp\/v2\/posts\/133935\/revisions"}],"predecessor-version":[{"id":133937,"href":"https:\/\/www.blogdothame.blog.br\/v1\/wp-json\/wp\/v2\/posts\/133935\/revisions\/133937"}],"wp:attachment":[{"href":"https:\/\/www.blogdothame.blog.br\/v1\/wp-json\/wp\/v2\/media?parent=133935"}],"wp:term":[{"taxonomy":"category","embeddable":true,"href":"https:\/\/www.blogdothame.blog.br\/v1\/wp-json\/wp\/v2\/categories?post=133935"},{"taxonomy":"post_tag","embeddable":true,"href":"https:\/\/www.blogdothame.blog.br\/v1\/wp-json\/wp\/v2\/tags?post=133935"}],"curies":[{"name":"wp","href":"https:\/\/api.w.org\/{rel}","templated":true}]}}