{"id":133534,"date":"2022-04-08T09:48:56","date_gmt":"2022-04-08T12:48:56","guid":{"rendered":"http:\/\/www.blogdothame.blog.br\/v1\/?p=133534"},"modified":"2022-04-07T18:02:33","modified_gmt":"2022-04-07T21:02:33","slug":"secretaria-de-saude-e-conselho-municipal-realizam-1o-plenaria-de-saude-mental","status":"publish","type":"post","link":"https:\/\/www.blogdothame.blog.br\/v1\/2022\/04\/08\/secretaria-de-saude-e-conselho-municipal-realizam-1o-plenaria-de-saude-mental\/","title":{"rendered":"Secretaria de Sa\u00fade e Conselho Municipal realizam 1\u00ba Plen\u00e1ria de Sa\u00fade Mental"},"content":{"rendered":"<p>Na pr\u00f3xima segunda-feira, dia 11, ser\u00e1 realizada a 1\u00aa Plen\u00e1ria de Sa\u00fade Mental de Itabuna, por meio da Prefeitura de Itabuna, por meio da Secretaria de Sa\u00fade, que apoia a iniciativa do Conselho Municipal de Sa\u00fade. O objetivo \u00e9 propor diretrizes para a Pol\u00edtica Municipal, Estadual e Nacional de Sa\u00fade Mental.<\/p>\n<p>A plen\u00e1ria acontece em alinhamento com o tema central proposto para a 5\u00aa Confer\u00eancia Nacional de Sa\u00fade Mental: \u201cA Pol\u00edtica de Sa\u00fade Mental como Direito: Pela defesa do cuidado em liberdade, rumo a avan\u00e7os e garantia dos servi\u00e7os da aten\u00e7\u00e3o psicossocial no SUS\u201d . Como eixo principal \u201cFortalecer e garantir pol\u00edticas p\u00fablicas: o SUS, o cuidado de sa\u00fade mental em liberdade e o respeito aos direitos humanos\u201d, definidos pela Resolu\u00e7\u00e3o CNS n\u00ba 660, de 5 de agosto de 2021.<\/p>\n<p>O evento, que ser\u00e1 realizado no audit\u00f3rio do SEST\/SENAT, na Avenida Jos\u00e9 Soares Pinheiro, n\u00ba 2.056, Bairro Lomanto, das 7h30min \u00e0s 14 horas, promover\u00e1 um momento importante para o debate coletivo e democr\u00e1tico, mobiliza\u00e7\u00e3o, reflex\u00e3o, an\u00e1lise e formula\u00e7\u00e3o de pol\u00edticas p\u00fablicas para sa\u00fade mental. Ser\u00e1 aberto ao p\u00fablico, em especial e de suma import\u00e2ncia, \u00e0queles que utilizam dos servi\u00e7os de sa\u00fade mental do SUS em Itabuna.<\/p>\n","protected":false},"excerpt":{"rendered":"<p>Na pr\u00f3xima segunda-feira, dia 11, ser\u00e1 realizada a 1\u00aa Plen\u00e1ria de Sa\u00fade Mental de Itabuna, por meio da Prefeitura de Itabuna, por meio da Secretaria de Sa\u00fade, que apoia a iniciativa do Conselho Municipal de Sa\u00fade. O objetivo \u00e9 propor diretrizes para a Pol\u00edtica Municipal, Estadual e Nacional de Sa\u00fade Mental. A plen\u00e1ria acontece em [&hellip;]<\/p>\n","protected":false},"author":2,"featured_media":0,"comment_status":"open","ping_status":"open","sticky":false,"template":"","format":"standard","meta":{"_links_to":"","_links_to_target":""},"categories":[1],"tags":[32572,39],"_links":{"self":[{"href":"https:\/\/www.blogdothame.blog.br\/v1\/wp-json\/wp\/v2\/posts\/133534"}],"collection":[{"href":"https:\/\/www.blogdothame.blog.br\/v1\/wp-json\/wp\/v2\/posts"}],"about":[{"href":"https:\/\/www.blogdothame.blog.br\/v1\/wp-json\/wp\/v2\/types\/post"}],"author":[{"embeddable":true,"href":"https:\/\/www.blogdothame.blog.br\/v1\/wp-json\/wp\/v2\/users\/2"}],"replies":[{"embeddable":true,"href":"https:\/\/www.blogdothame.blog.br\/v1\/wp-json\/wp\/v2\/comments?post=133534"}],"version-history":[{"count":1,"href":"https:\/\/www.blogdothame.blog.br\/v1\/wp-json\/wp\/v2\/posts\/133534\/revisions"}],"predecessor-version":[{"id":133535,"href":"https:\/\/www.blogdothame.blog.br\/v1\/wp-json\/wp\/v2\/posts\/133534\/revisions\/133535"}],"wp:attachment":[{"href":"https:\/\/www.blogdothame.blog.br\/v1\/wp-json\/wp\/v2\/media?parent=133534"}],"wp:term":[{"taxonomy":"category","embeddable":true,"href":"https:\/\/www.blogdothame.blog.br\/v1\/wp-json\/wp\/v2\/categories?post=133534"},{"taxonomy":"post_tag","embeddable":true,"href":"https:\/\/www.blogdothame.blog.br\/v1\/wp-json\/wp\/v2\/tags?post=133534"}],"curies":[{"name":"wp","href":"https:\/\/api.w.org\/{rel}","templated":true}]}}