{"id":133333,"date":"2022-04-04T17:10:42","date_gmt":"2022-04-04T20:10:42","guid":{"rendered":"http:\/\/www.blogdothame.blog.br\/v1\/?p=133333"},"modified":"2022-04-04T17:01:14","modified_gmt":"2022-04-04T20:01:14","slug":"chocolat-festival-chega-a-salvador-com-formato-inovador","status":"publish","type":"post","link":"https:\/\/www.blogdothame.blog.br\/v1\/2022\/04\/04\/chocolat-festival-chega-a-salvador-com-formato-inovador\/","title":{"rendered":"Chocolat Festival chega a Salvador com formato inovador, o Origem Week"},"content":{"rendered":"<div dir=\"auto\"><a href=\"http:\/\/www.blogdothame.blog.br\/v1\/wp-content\/uploads\/2022\/04\/choc-fes-2.jpg\"><img loading=\"lazy\" class=\"aligncenter size-medium wp-image-133334\" src=\"http:\/\/www.blogdothame.blog.br\/v1\/wp-content\/uploads\/2022\/04\/choc-fes-2-300x200.jpg\" alt=\"choc fes (2)\" width=\"300\" height=\"200\" srcset=\"https:\/\/www.blogdothame.blog.br\/v1\/wp-content\/uploads\/2022\/04\/choc-fes-2-300x200.jpg 300w, https:\/\/www.blogdothame.blog.br\/v1\/wp-content\/uploads\/2022\/04\/choc-fes-2.jpg 438w\" sizes=\"(max-width: 300px) 100vw, 300px\" \/><\/a><\/div>\n<div dir=\"auto\">O Chocolat Festival &#8211; Festival Internacional do Chocolate e Cacau chega a Salvador, pela primeira vez, entre os dias 09 e 12 de junho no Centro de Conven\u00e7\u00f5es.<\/div>\n<div dir=\"auto\"><\/div>\n<div dir=\"auto\">O maior evento de chocolate e cacau da Am\u00e9rica Latina j\u00e1 passou, desde 2009, por diversas cidades do Brasil, entre elas, Ilh\u00e9us (BA), Bel\u00e9m do Par\u00e1 e S\u00e3o Paulo.<\/div>\n<div dir=\"auto\"><\/div>\n<div dir=\"auto\"><a href=\"http:\/\/www.blogdothame.blog.br\/v1\/wp-content\/uploads\/2022\/04\/choc-fes-1.jpg\"><img loading=\"lazy\" class=\"alignright size-medium wp-image-133335\" src=\"http:\/\/www.blogdothame.blog.br\/v1\/wp-content\/uploads\/2022\/04\/choc-fes-1-200x300.jpg\" alt=\"choc fes (1)\" width=\"200\" height=\"300\" srcset=\"https:\/\/www.blogdothame.blog.br\/v1\/wp-content\/uploads\/2022\/04\/choc-fes-1-200x300.jpg 200w, https:\/\/www.blogdothame.blog.br\/v1\/wp-content\/uploads\/2022\/04\/choc-fes-1.jpg 410w\" sizes=\"(max-width: 200px) 100vw, 200px\" \/><\/a>A grande novidade da edi\u00e7\u00e3o em Salvador \u00e9 o lan\u00e7amento de outros eventos, com conceitos parecidos e complementares, de outras cadeias produtivas: o Sal\u00e3o do Caf\u00e9, o Origem Brasil e o Bahia Descobre a Bahia, mostrando produtos e destinos tur\u00edsticos aos soteropolitanos e turistas.<\/div>\n<div dir=\"auto\"><\/div>\n<div dir=\"auto\">Este conjunto de eventos forma o Origem Week, projeto inovador, que far\u00e1 parte do calend\u00e1rio de eventos da Bahia.<\/div>\n<div dir=\"auto\"><\/div>\n<div dir=\"auto\">Sobre o Chocolat Festival<\/div>\n<div dir=\"auto\"><\/div>\n<div dir=\"auto\">Voltado para consumidores e profissionais da \u00e1rea, o Chocolat Festival atrai anualmente milhares de visitantes. Durante os dias de evento, re\u00fane diversas marcas de chocolate, derivados de cacau, confeiteiros e fornecedores do segmento, al\u00e9m de promover cursos de capacita\u00e7\u00e3o, debates sobre temas do setor, rodadas de neg\u00f3cios e palestras ministradas por especialistas nacionais e internacionais.<\/div>\n<div dir=\"auto\"><\/div>\n<div dir=\"auto\">Para mais informa\u00e7\u00f5es, acesse\u00a0<a href=\"http:\/\/www.chocolatfestival.com\/\" target=\"_blank\" rel=\"noreferrer noreferrer\" data-saferedirecturl=\"https:\/\/www.google.com\/url?q=http:\/\/www.chocolatfestival.com\/&amp;source=gmail&amp;ust=1649181321228000&amp;usg=AOvVaw3JhsULcPCCOYDb3N5ESl5V\">www.chocolatfestival.<wbr><\/wbr>com<\/a><\/div>\n","protected":false},"excerpt":{"rendered":"<p>O Chocolat Festival &#8211; Festival Internacional do Chocolate e Cacau chega a Salvador, pela primeira vez, entre os dias 09 e 12 de junho no Centro de Conven\u00e7\u00f5es. O maior evento de chocolate e cacau da Am\u00e9rica Latina j\u00e1 passou, desde 2009, por diversas cidades do Brasil, entre elas, Ilh\u00e9us (BA), Bel\u00e9m do Par\u00e1 e [&hellip;]<\/p>\n","protected":false},"author":2,"featured_media":0,"comment_status":"open","ping_status":"open","sticky":false,"template":"","format":"standard","meta":{"_links_to":"","_links_to_target":""},"categories":[1],"tags":[24078,32530,433],"_links":{"self":[{"href":"https:\/\/www.blogdothame.blog.br\/v1\/wp-json\/wp\/v2\/posts\/133333"}],"collection":[{"href":"https:\/\/www.blogdothame.blog.br\/v1\/wp-json\/wp\/v2\/posts"}],"about":[{"href":"https:\/\/www.blogdothame.blog.br\/v1\/wp-json\/wp\/v2\/types\/post"}],"author":[{"embeddable":true,"href":"https:\/\/www.blogdothame.blog.br\/v1\/wp-json\/wp\/v2\/users\/2"}],"replies":[{"embeddable":true,"href":"https:\/\/www.blogdothame.blog.br\/v1\/wp-json\/wp\/v2\/comments?post=133333"}],"version-history":[{"count":3,"href":"https:\/\/www.blogdothame.blog.br\/v1\/wp-json\/wp\/v2\/posts\/133333\/revisions"}],"predecessor-version":[{"id":133338,"href":"https:\/\/www.blogdothame.blog.br\/v1\/wp-json\/wp\/v2\/posts\/133333\/revisions\/133338"}],"wp:attachment":[{"href":"https:\/\/www.blogdothame.blog.br\/v1\/wp-json\/wp\/v2\/media?parent=133333"}],"wp:term":[{"taxonomy":"category","embeddable":true,"href":"https:\/\/www.blogdothame.blog.br\/v1\/wp-json\/wp\/v2\/categories?post=133333"},{"taxonomy":"post_tag","embeddable":true,"href":"https:\/\/www.blogdothame.blog.br\/v1\/wp-json\/wp\/v2\/tags?post=133333"}],"curies":[{"name":"wp","href":"https:\/\/api.w.org\/{rel}","templated":true}]}}