{"id":133314,"date":"2022-04-04T15:30:22","date_gmt":"2022-04-04T18:30:22","guid":{"rendered":"http:\/\/www.blogdothame.blog.br\/v1\/?p=133314"},"modified":"2022-04-04T11:24:22","modified_gmt":"2022-04-04T14:24:22","slug":"entidades-realizam-ato-em-defesa-da-liberdade-de-imprensa-dos-profissionais-da-comunicacao-e-da-democracia","status":"publish","type":"post","link":"https:\/\/www.blogdothame.blog.br\/v1\/2022\/04\/04\/entidades-realizam-ato-em-defesa-da-liberdade-de-imprensa-dos-profissionais-da-comunicacao-e-da-democracia\/","title":{"rendered":"Entidades realizam Ato em Defesa da Liberdade de Imprensa, dos profissionais da Comunica\u00e7\u00e3o e da Democracia"},"content":{"rendered":"<p><a href=\"http:\/\/www.blogdothame.blog.br\/v1\/wp-content\/uploads\/2022\/04\/fenaj-ceerA.jpeg\"><img loading=\"lazy\" class=\"alignleft size-medium wp-image-133315\" src=\"http:\/\/www.blogdothame.blog.br\/v1\/wp-content\/uploads\/2022\/04\/fenaj-ceerA-300x172.jpeg\" alt=\"fenaj ceerA\" width=\"300\" height=\"172\" srcset=\"https:\/\/www.blogdothame.blog.br\/v1\/wp-content\/uploads\/2022\/04\/fenaj-ceerA-300x172.jpeg 300w, https:\/\/www.blogdothame.blog.br\/v1\/wp-content\/uploads\/2022\/04\/fenaj-ceerA.jpeg 388w\" sizes=\"(max-width: 300px) 100vw, 300px\" \/><\/a>O Sindicato dos Jornalistas do Cear\u00e1 (Sindjorce), a Associa\u00e7\u00e3o Cearense de Imprensa (ACI) e o Sindicato dos Radialistas e Publicit\u00e1rios do Cear\u00e1 (SindRadioCE) realizam, na pr\u00f3xima quinta-feira (7\/04), Ato em Defesa da Liberdade de Imprensa, dos profissionais da Comunica\u00e7\u00e3o e da Democracia. O evento conjunto acontece a partir das 10h, no audit\u00f3rio da ACI (Rua Floriano Peixoto, 735, Centro \u2013 6\u00ba andar), e marca o transcurso do 7 de Abril \u2013 Dia do Jornalista.<\/p>\n<p>Na ocasi\u00e3o, haver\u00e1 o lan\u00e7amento local do Relat\u00f3rio da Federa\u00e7\u00e3o Nacional dos Jornalistas (FENAJ) sobre viol\u00eancia contra jornalistas e viola\u00e7\u00f5es \u00e0 liberdade de imprensa no Brasil.<\/p>\n<p>\u201cDiante do atual cen\u00e1rio brasileiro, o ato tem o objetivo de afirmar a import\u00e2ncia da atividade da imprensa como um dos pilares da sociedade democr\u00e1tica e agrupar cidad\u00e3s, cidad\u00e3os, entidades sindicais e sociedade civil em defesa da democracia\u201d, afirma o presidente da ACI, Salom\u00e3o de Castro.<\/p>\n<p><!--more--><\/p>\n<p>Imprensa e democracia amea\u00e7adas<\/p>\n<p>No evento, as entidades buscar\u00e3o tratar do balan\u00e7o de casos de viol\u00eancia registrados contra jornalistas, radialistas e profissionais da comunica\u00e7\u00e3o. Segundo o\u00a0Relat\u00f3rio da Viol\u00eancia contra Jornalistas e Liberdade de Imprensa no Brasil 2021, foram registrados pelo menos 430 casos de viola\u00e7\u00f5es a profissionais e ve\u00edculos de m\u00eddia que tinham o objetivo de impedir a livre circula\u00e7\u00e3o da informa\u00e7\u00e3o jornal\u00edstica.<\/p>\n<p>\u201cTamb\u00e9m ser\u00e1 abordada a formula\u00e7\u00e3o de propostas que possam resultar em um protocolo de medidas que resguardem a seguran\u00e7a destes profissionais, sobretudo diante da cobertura do processo eleitoral deste ano\u201d, completa o presidente do Sindjorce e diretor de Mobiliza\u00e7\u00e3o da FENAJ, Rafael Mesquita.<\/p>\n<p>Este ano, o Sindjorce j\u00e1 registra tr\u00eas epis\u00f3dios de viol\u00eancia contra a categoria no Estado. A jornalista Marina Valente foi amea\u00e7ada de processo ao vivo, ao participar de um programa na TV Uni\u00e3o. Em outra ocasi\u00e3o, o deputado estadual\u00a0Delegado Cavalcante instigou manifestantes contra equipe da TV Verdes Mares.\u00a0O caso mais recente foi a\u00a0tentativa velada de censura ao jornalista esportivo M\u00e1rio Kempes\u00a0que, por orienta\u00e7\u00e3o de um clube de futebol, n\u00e3o poderia mais se identificar nas coletivas com o nome do seu blog.<\/p>\n<p>\u201cPor anos, o Cear\u00e1 foi o Estado com o maior n\u00famero de casos de viol\u00eancia contra a categoria no Nordeste. Essa situa\u00e7\u00e3o mudou no ano passado, quando a Bahia assumiu essa preocupante lideran\u00e7a regional. Mas o alerta das entidades est\u00e1 ligado em fun\u00e7\u00e3o da conjuntura pol\u00edtica atrelada \u00e0 cobertura eleitoral de 2022. Queremos debater propostas para resguardar a integridade dos trabalhadores da m\u00eddia e, por conseguinte, garantir o direito da popula\u00e7\u00e3o cearense de ser informada\u201d, comenta Samira de Castro, segunda vice-presidenta da FENAJ e diretora de Comunica\u00e7\u00e3o do Sindjorce.<\/p>\n","protected":false},"excerpt":{"rendered":"<p>O Sindicato dos Jornalistas do Cear\u00e1 (Sindjorce), a Associa\u00e7\u00e3o Cearense de Imprensa (ACI) e o Sindicato dos Radialistas e Publicit\u00e1rios do Cear\u00e1 (SindRadioCE) realizam, na pr\u00f3xima quinta-feira (7\/04), Ato em Defesa da Liberdade de Imprensa, dos profissionais da Comunica\u00e7\u00e3o e da Democracia. O evento conjunto acontece a partir das 10h, no audit\u00f3rio da ACI (Rua [&hellip;]<\/p>\n","protected":false},"author":2,"featured_media":0,"comment_status":"open","ping_status":"open","sticky":false,"template":"","format":"standard","meta":{"_links_to":"","_links_to_target":""},"categories":[1],"tags":[32526,400,12238,32525],"_links":{"self":[{"href":"https:\/\/www.blogdothame.blog.br\/v1\/wp-json\/wp\/v2\/posts\/133314"}],"collection":[{"href":"https:\/\/www.blogdothame.blog.br\/v1\/wp-json\/wp\/v2\/posts"}],"about":[{"href":"https:\/\/www.blogdothame.blog.br\/v1\/wp-json\/wp\/v2\/types\/post"}],"author":[{"embeddable":true,"href":"https:\/\/www.blogdothame.blog.br\/v1\/wp-json\/wp\/v2\/users\/2"}],"replies":[{"embeddable":true,"href":"https:\/\/www.blogdothame.blog.br\/v1\/wp-json\/wp\/v2\/comments?post=133314"}],"version-history":[{"count":1,"href":"https:\/\/www.blogdothame.blog.br\/v1\/wp-json\/wp\/v2\/posts\/133314\/revisions"}],"predecessor-version":[{"id":133316,"href":"https:\/\/www.blogdothame.blog.br\/v1\/wp-json\/wp\/v2\/posts\/133314\/revisions\/133316"}],"wp:attachment":[{"href":"https:\/\/www.blogdothame.blog.br\/v1\/wp-json\/wp\/v2\/media?parent=133314"}],"wp:term":[{"taxonomy":"category","embeddable":true,"href":"https:\/\/www.blogdothame.blog.br\/v1\/wp-json\/wp\/v2\/categories?post=133314"},{"taxonomy":"post_tag","embeddable":true,"href":"https:\/\/www.blogdothame.blog.br\/v1\/wp-json\/wp\/v2\/tags?post=133314"}],"curies":[{"name":"wp","href":"https:\/\/api.w.org\/{rel}","templated":true}]}}