{"id":133308,"date":"2022-04-04T12:00:19","date_gmt":"2022-04-04T15:00:19","guid":{"rendered":"http:\/\/www.blogdothame.blog.br\/v1\/?p=133308"},"modified":"2022-04-04T10:35:56","modified_gmt":"2022-04-04T13:35:56","slug":"aci-realizara-a-25a-edicao-do-seminario-de-marketing","status":"publish","type":"post","link":"https:\/\/www.blogdothame.blog.br\/v1\/2022\/04\/04\/aci-realizara-a-25a-edicao-do-seminario-de-marketing\/","title":{"rendered":"ACI realizar\u00e1 a 25\u00aa edi\u00e7\u00e3o do Semin\u00e1rio de Marketing"},"content":{"rendered":"<p>A ACI vai voltar a realizar o semin\u00e1rio que \u00e9 refer\u00eancia em toda a regi\u00e3o nordeste do Brasil, como uma oportunidade \u00fanica de agregar conhecimento e buscar inspira\u00e7\u00e3o a partir da participa\u00e7\u00e3o de grandes nomes do marketing. O presidente da ACI, Mauro Ribeiro confirmou que pretende realizar a 25\u00aa edi\u00e7\u00e3o, nos dias 4 e 5 de agosto, no teatro Candinha Doria, em Itabuna. \u201cVamos fazer um grande semin\u00e1rio, reunindo renomados palestrantes e especialistas\u201d.<\/p>\n<p>O Semin\u00e1rio de MKT teve a sua \u00faltima edi\u00e7\u00e3o em 2016 e retorna agora, em 2022 em parceria com a M21, ag\u00eancia de Marco Lessa, especialista na realiza\u00e7\u00e3o de grandes eventos.<\/p>\n<p><span style=\"color: #222222; font-family: Arial, Helvetica, sans-serif; font-size: small;\">\u00a0<\/span><\/p>\n","protected":false},"excerpt":{"rendered":"<p>A ACI vai voltar a realizar o semin\u00e1rio que \u00e9 refer\u00eancia em toda a regi\u00e3o nordeste do Brasil, como uma oportunidade \u00fanica de agregar conhecimento e buscar inspira\u00e7\u00e3o a partir da participa\u00e7\u00e3o de grandes nomes do marketing. O presidente da ACI, Mauro Ribeiro confirmou que pretende realizar a 25\u00aa edi\u00e7\u00e3o, nos dias 4 e 5 [&hellip;]<\/p>\n","protected":false},"author":2,"featured_media":0,"comment_status":"open","ping_status":"open","sticky":false,"template":"","format":"standard","meta":{"_links_to":"","_links_to_target":""},"categories":[1],"tags":[667,32523],"_links":{"self":[{"href":"https:\/\/www.blogdothame.blog.br\/v1\/wp-json\/wp\/v2\/posts\/133308"}],"collection":[{"href":"https:\/\/www.blogdothame.blog.br\/v1\/wp-json\/wp\/v2\/posts"}],"about":[{"href":"https:\/\/www.blogdothame.blog.br\/v1\/wp-json\/wp\/v2\/types\/post"}],"author":[{"embeddable":true,"href":"https:\/\/www.blogdothame.blog.br\/v1\/wp-json\/wp\/v2\/users\/2"}],"replies":[{"embeddable":true,"href":"https:\/\/www.blogdothame.blog.br\/v1\/wp-json\/wp\/v2\/comments?post=133308"}],"version-history":[{"count":1,"href":"https:\/\/www.blogdothame.blog.br\/v1\/wp-json\/wp\/v2\/posts\/133308\/revisions"}],"predecessor-version":[{"id":133309,"href":"https:\/\/www.blogdothame.blog.br\/v1\/wp-json\/wp\/v2\/posts\/133308\/revisions\/133309"}],"wp:attachment":[{"href":"https:\/\/www.blogdothame.blog.br\/v1\/wp-json\/wp\/v2\/media?parent=133308"}],"wp:term":[{"taxonomy":"category","embeddable":true,"href":"https:\/\/www.blogdothame.blog.br\/v1\/wp-json\/wp\/v2\/categories?post=133308"},{"taxonomy":"post_tag","embeddable":true,"href":"https:\/\/www.blogdothame.blog.br\/v1\/wp-json\/wp\/v2\/tags?post=133308"}],"curies":[{"name":"wp","href":"https:\/\/api.w.org\/{rel}","templated":true}]}}