{"id":132627,"date":"2022-03-21T12:30:06","date_gmt":"2022-03-21T15:30:06","guid":{"rendered":"http:\/\/www.blogdothame.blog.br\/v1\/?p=132627"},"modified":"2022-03-21T12:08:34","modified_gmt":"2022-03-21T15:08:34","slug":"nem-com-wagner-e-rui-tivemos-uma-largada-tao-boa-diz-eden-sobre-pesquisa-que-aponta-jeronimo-com-33-das-intencoes-de-voto","status":"publish","type":"post","link":"https:\/\/www.blogdothame.blog.br\/v1\/2022\/03\/21\/nem-com-wagner-e-rui-tivemos-uma-largada-tao-boa-diz-eden-sobre-pesquisa-que-aponta-jeronimo-com-33-das-intencoes-de-voto\/","title":{"rendered":"&#8220;Nem com Wagner e Rui tivemos uma largada t\u00e3o boa&#8221;, diz \u00c9den sobre pesquisa que aponta Jer\u00f4nimo com 33% das inten\u00e7\u00f5es de voto"},"content":{"rendered":"<p><a href=\"http:\/\/www.blogdothame.blog.br\/v1\/wp-content\/uploads\/2022\/03\/Jer\u00f4nimo-Rodrigues-e-\u00c9den-Valadares1.jpeg\"><img loading=\"lazy\" class=\"alignleft size-medium wp-image-132628\" src=\"http:\/\/www.blogdothame.blog.br\/v1\/wp-content\/uploads\/2022\/03\/Jer\u00f4nimo-Rodrigues-e-\u00c9den-Valadares1-300x200.jpeg\" alt=\"Jer\u00f4nimo Rodrigues e \u00c9den Valadares\" width=\"300\" height=\"200\" srcset=\"https:\/\/www.blogdothame.blog.br\/v1\/wp-content\/uploads\/2022\/03\/Jer\u00f4nimo-Rodrigues-e-\u00c9den-Valadares1-300x200.jpeg 300w, https:\/\/www.blogdothame.blog.br\/v1\/wp-content\/uploads\/2022\/03\/Jer\u00f4nimo-Rodrigues-e-\u00c9den-Valadares1-1024x683.jpeg 1024w, https:\/\/www.blogdothame.blog.br\/v1\/wp-content\/uploads\/2022\/03\/Jer\u00f4nimo-Rodrigues-e-\u00c9den-Valadares1.jpeg 1080w\" sizes=\"(max-width: 300px) 100vw, 300px\" \/><\/a>O presidente do Partido dos Trabalhadores da Bahia, \u00c9den Valadares, comentou o resultado da pesquisa realizada pelo Instituto Opnus, encomendada pela R\u00e1dio Salvador FM e divulgada nesta segunda-feira, 21, que aponta o pr\u00e9-candidato do PT ao Governo do Estado, Jer\u00f4nimo Rodrigues, com 33% das inten\u00e7\u00f5es de voto. Registrada no Tribunal Superior Eleitoral sob o n\u00famero BA-097\/2022, a pesquisa foi realizada entre os dias 16 e 18 de mar\u00e7o.<\/p>\n<p>&nbsp;<\/p>\n<p>&#8220;A pesquisa confirma o que nossos levantamentos apontavam: um candidato apoiado por Lula, Wagner e Rui j\u00e1 larga com mais de 30%. O que nos surpreendeu foi a diferen\u00e7a t\u00e3o pequena para o ex-prefeito, apenas 8%. Nem com Wagner em 2006, nem com Rui em 2014, tivemos uma largada t\u00e3o boa. Agora \u00e9 trabalhar. Cal\u00e7ar a sand\u00e1lia da humildade e dialogar com o povo, com a sociedade baiana sobre os projetos em disputa&#8221;.<\/p>\n","protected":false},"excerpt":{"rendered":"<p>O presidente do Partido dos Trabalhadores da Bahia, \u00c9den Valadares, comentou o resultado da pesquisa realizada pelo Instituto Opnus, encomendada pela R\u00e1dio Salvador FM e divulgada nesta segunda-feira, 21, que aponta o pr\u00e9-candidato do PT ao Governo do Estado, Jer\u00f4nimo Rodrigues, com 33% das inten\u00e7\u00f5es de voto. Registrada no Tribunal Superior Eleitoral sob o n\u00famero [&hellip;]<\/p>\n","protected":false},"author":2,"featured_media":0,"comment_status":"open","ping_status":"open","sticky":false,"template":"","format":"standard","meta":{"_links_to":"","_links_to_target":""},"categories":[1],"tags":[51,12213,315],"_links":{"self":[{"href":"https:\/\/www.blogdothame.blog.br\/v1\/wp-json\/wp\/v2\/posts\/132627"}],"collection":[{"href":"https:\/\/www.blogdothame.blog.br\/v1\/wp-json\/wp\/v2\/posts"}],"about":[{"href":"https:\/\/www.blogdothame.blog.br\/v1\/wp-json\/wp\/v2\/types\/post"}],"author":[{"embeddable":true,"href":"https:\/\/www.blogdothame.blog.br\/v1\/wp-json\/wp\/v2\/users\/2"}],"replies":[{"embeddable":true,"href":"https:\/\/www.blogdothame.blog.br\/v1\/wp-json\/wp\/v2\/comments?post=132627"}],"version-history":[{"count":1,"href":"https:\/\/www.blogdothame.blog.br\/v1\/wp-json\/wp\/v2\/posts\/132627\/revisions"}],"predecessor-version":[{"id":132629,"href":"https:\/\/www.blogdothame.blog.br\/v1\/wp-json\/wp\/v2\/posts\/132627\/revisions\/132629"}],"wp:attachment":[{"href":"https:\/\/www.blogdothame.blog.br\/v1\/wp-json\/wp\/v2\/media?parent=132627"}],"wp:term":[{"taxonomy":"category","embeddable":true,"href":"https:\/\/www.blogdothame.blog.br\/v1\/wp-json\/wp\/v2\/categories?post=132627"},{"taxonomy":"post_tag","embeddable":true,"href":"https:\/\/www.blogdothame.blog.br\/v1\/wp-json\/wp\/v2\/tags?post=132627"}],"curies":[{"name":"wp","href":"https:\/\/api.w.org\/{rel}","templated":true}]}}