{"id":132340,"date":"2022-03-14T16:31:34","date_gmt":"2022-03-14T19:31:34","guid":{"rendered":"http:\/\/www.blogdothame.blog.br\/v1\/?p=132340"},"modified":"2022-03-14T16:31:34","modified_gmt":"2022-03-14T19:31:34","slug":"governo-da-bahia-realizara-79-mil-cirurgias-eletivas-em-ate-tres-meses","status":"publish","type":"post","link":"https:\/\/www.blogdothame.blog.br\/v1\/2022\/03\/14\/governo-da-bahia-realizara-79-mil-cirurgias-eletivas-em-ate-tres-meses\/","title":{"rendered":"Governo da Bahia realizar\u00e1 79 mil cirurgias eletivas em at\u00e9 tr\u00eas meses"},"content":{"rendered":"<div><a href=\"http:\/\/www.blogdothame.blog.br\/v1\/wp-content\/uploads\/2022\/03\/Divulga\u00e7\u00e3o-Sesab-2.jpg\"><img loading=\"lazy\" class=\"alignleft size-full wp-image-132341\" src=\"http:\/\/www.blogdothame.blog.br\/v1\/wp-content\/uploads\/2022\/03\/Divulga\u00e7\u00e3o-Sesab-2.jpg\" alt=\"Divulga\u00e7\u00e3o Sesab (2)\" width=\"341\" height=\"227\" srcset=\"https:\/\/www.blogdothame.blog.br\/v1\/wp-content\/uploads\/2022\/03\/Divulga\u00e7\u00e3o-Sesab-2.jpg 341w, https:\/\/www.blogdothame.blog.br\/v1\/wp-content\/uploads\/2022\/03\/Divulga\u00e7\u00e3o-Sesab-2-300x200.jpg 300w\" sizes=\"(max-width: 341px) 100vw, 341px\" \/><\/a>Com o objetivo de zerar a fila de cirurgias eletivas que tiveram a demanda represada durante a pandemia da Covid-19, o Governo do Estado investir\u00e1 mais de R$ 103 milh\u00f5es na realiza\u00e7\u00e3o de 79 mil procedimentos cir\u00fargicos, exames pr\u00e9-operat\u00f3rios e anatomopatol\u00f3gicos. Esse montante contempla os projetos do Mutir\u00e3o de Cirurgias Eletivas e as Feiras de Sa\u00fade.<\/div>\n<div><\/div>\n<div>O\u00a0<a title=\"http:\/\/www.saude.ba.gov.br\/wp-content\/uploads\/2022\/03\/Cirurgias-Eletivas_Portaria.pdf\" href=\"http:\/\/www.saude.ba.gov.br\/wp-content\/uploads\/2022\/03\/Cirurgias-Eletivas_Portaria.pdf\" target=\"_blank\" data-saferedirecturl=\"https:\/\/www.google.com\/url?q=http:\/\/www.saude.ba.gov.br\/wp-content\/uploads\/2022\/03\/Cirurgias-Eletivas_Portaria.pdf&amp;source=gmail&amp;ust=1647366280859000&amp;usg=AOvVaw20DF3VVZ2J-tP8-iE--Ktx\"><b>edital para o credenciamento<\/b><\/a>\u00a0de prestadores foi publicado no Di\u00e1rio Oficial do Estado do \u00faltimo s\u00e1bado (12), contemplando os 417 munic\u00edpios e com in\u00edcio imediato. Ao todo, ser\u00e3o oferecidos 36 tipos de procedimentos, como cirurgia de catarata e remo\u00e7\u00e3o de mioma, \u00fatero, ves\u00edcula, h\u00e9rnias, dentre outros. \u201cN\u00f3s estimamos 79 mil cirurgias no per\u00edodo de 90 dias. Com a queda do n\u00famero de internados e dos novos casos da Covid-19, a gente pode retomar, em regime de mutir\u00e3o, essas cirurgias eletivas que estavam represadas\u201d, afirmou o governador Rui Costa.<\/div>\n<div><\/div>\n<div>A secret\u00e1ria da Sa\u00fade do Estado, Ad\u00e9lia Pinheiro, explica que \u201cter\u00e3o acesso aos procedimentos as pessoas que j\u00e1 possuem o diagn\u00f3stico e indica\u00e7\u00e3o de cirurgia, e que est\u00e3o cadastradas pelo munic\u00edpio no Sistema Lista \u00danica. Se o paciente n\u00e3o sabe se est\u00e1 cadastrado, ele deve procurar a Secretaria Municipal de Sa\u00fade para realizar o cadastramento. Tamb\u00e9m \u00e9 poss\u00edvel ser encaminhado atrav\u00e9s das Feiras de Sa\u00fade que ser\u00e3o realizadas em diversas localidades\u201d, esclarece.<\/div>\n<div><\/div>\n<div>Ainda de acordo com a titular da pasta estadual, \u201cesse \u00e9 um projeto que vai salvar muitas vidas e dar dignidade \u00e0s pessoas que esperam por uma cirurgia h\u00e1 meses ou anos\u201d, apontou Ad\u00e9lia Pinheiro. Ela ainda destaca que os atendimentos ser\u00e3o priorit\u00e1rios para mulheres, mas tamb\u00e9m beneficiar\u00e3o homens que necessitem de algum procedimento ofertado.<\/div>\n<div><\/div>\n<p><!--more--><\/p>\n<div><b>\u00a0<\/b><\/div>\n<div>Mutir\u00e3o de exames<\/div>\n<div><\/div>\n<div>As 21 Policl\u00ednicas Regionais de Sa\u00fade funcionar\u00e3o em regime especial para dar celeridade aos exames pr\u00e9-operat\u00f3rios, tais como ultrassonografia abdominal, transvaginal, mama, eletrocardiograma e radiografia de t\u00f3rax. \u201cJ\u00e1 conversamos com os prefeitos que s\u00e3o presidentes dos cons\u00f3rcios de sa\u00fade e administram as policl\u00ednicas regionais. A expectativa \u00e9 fazer uma grande mobiliza\u00e7\u00e3o para atingir as metas propostas\u201d, completou o governador.<\/div>\n<div><\/div>\n<div><b>Confira a lista de procedimentos e o edital de credenciamento:<\/b><\/div>\n<div><\/div>\n<div>Colecistectomia<\/div>\n<div>Colecistectomia videolaparosc\u00f3pica<\/div>\n<div>Exerese de cisto sacro-coccigeo<\/div>\n<div>Fistulectomia \/ fistulotomia anal<\/div>\n<div>Hemorroidectomia<\/div>\n<div>Hernioplastia epig\u00e1strica<\/div>\n<div>Hernioplastia epig\u00e1strica videolaparosc\u00f3pica<\/div>\n<div>Hernioplastia incisional<\/div>\n<div>Hernioplastia inguinal (bilateral)<\/div>\n<div>Hernioplastia inguinal \/ crural (unilateral)<\/div>\n<div>Hernioplastia umbilical<\/div>\n<div>Postectomia<\/div>\n<div>Vasectomia<\/div>\n<div>Tratamento cir\u00fargico de varizes (bilateral)<\/div>\n<div>Tratamento cir\u00fargico de varizes (unilateral)<\/div>\n<div>Colpoperineoplastia anterior e posterior<\/div>\n<div>Exerese de glandula de bartholin \/ skene<\/div>\n<div>Histerectomia c\/ anexectomia (uni \/ bilateral)<\/div>\n<div>Laqueadura tubaria (salpingectomia)<\/div>\n<div>Miomectomia<\/div>\n<div>Ooforectomia \/ ooforoplastia<\/div>\n<div>Capsulectomia posterior cir\u00fargica<\/div>\n<div>Capsulotomia a yag laser<\/div>\n<div>Exerese de calazio e outras pequenas les\u00f5es da p\u00e1lpebra e superc\u00edlios<\/div>\n<div>Facoemulsifica\u00e7\u00e3o c\/ implante de lente intra-ocular dobr\u00e1vel<\/div>\n<div>Fotocoagula\u00e7\u00e3o a laser por sess\u00e3o<\/div>\n<div>Iridotomia a laser<\/div>\n<div>Tratamento cir\u00fargico de pter\u00edgio<\/div>\n<div>Vitrectomia anterior<\/div>\n<div>Amigdalectomia<\/div>\n<div>Amigdalectomia c\/ adenoidectomia<\/div>\n<div>Orquidopexia unilateral<\/div>\n<div>Prostatectomia suprap\u00fabica<\/div>\n<div>Ressec\u00e7\u00e3o endosc\u00f3pica de pr\u00f3stata<\/div>\n<div>Tratamento cir\u00fargico de hidrocele<\/div>\n<div>Tratamento cir\u00fargico de varicocele<\/div>\n","protected":false},"excerpt":{"rendered":"<p>Com o objetivo de zerar a fila de cirurgias eletivas que tiveram a demanda represada durante a pandemia da Covid-19, o Governo do Estado investir\u00e1 mais de R$ 103 milh\u00f5es na realiza\u00e7\u00e3o de 79 mil procedimentos cir\u00fargicos, exames pr\u00e9-operat\u00f3rios e anatomopatol\u00f3gicos. Esse montante contempla os projetos do Mutir\u00e3o de Cirurgias Eletivas e as Feiras de [&hellip;]<\/p>\n","protected":false},"author":2,"featured_media":0,"comment_status":"open","ping_status":"open","sticky":false,"template":"","format":"standard","meta":{"_links_to":"","_links_to_target":""},"categories":[1],"tags":[30532,16,1634],"_links":{"self":[{"href":"https:\/\/www.blogdothame.blog.br\/v1\/wp-json\/wp\/v2\/posts\/132340"}],"collection":[{"href":"https:\/\/www.blogdothame.blog.br\/v1\/wp-json\/wp\/v2\/posts"}],"about":[{"href":"https:\/\/www.blogdothame.blog.br\/v1\/wp-json\/wp\/v2\/types\/post"}],"author":[{"embeddable":true,"href":"https:\/\/www.blogdothame.blog.br\/v1\/wp-json\/wp\/v2\/users\/2"}],"replies":[{"embeddable":true,"href":"https:\/\/www.blogdothame.blog.br\/v1\/wp-json\/wp\/v2\/comments?post=132340"}],"version-history":[{"count":1,"href":"https:\/\/www.blogdothame.blog.br\/v1\/wp-json\/wp\/v2\/posts\/132340\/revisions"}],"predecessor-version":[{"id":132342,"href":"https:\/\/www.blogdothame.blog.br\/v1\/wp-json\/wp\/v2\/posts\/132340\/revisions\/132342"}],"wp:attachment":[{"href":"https:\/\/www.blogdothame.blog.br\/v1\/wp-json\/wp\/v2\/media?parent=132340"}],"wp:term":[{"taxonomy":"category","embeddable":true,"href":"https:\/\/www.blogdothame.blog.br\/v1\/wp-json\/wp\/v2\/categories?post=132340"},{"taxonomy":"post_tag","embeddable":true,"href":"https:\/\/www.blogdothame.blog.br\/v1\/wp-json\/wp\/v2\/tags?post=132340"}],"curies":[{"name":"wp","href":"https:\/\/api.w.org\/{rel}","templated":true}]}}