{"id":131762,"date":"2022-03-01T16:55:23","date_gmt":"2022-03-01T19:55:23","guid":{"rendered":"http:\/\/www.blogdothame.blog.br\/v1\/?p=131762"},"modified":"2022-03-01T16:55:23","modified_gmt":"2022-03-01T19:55:23","slug":"rui-da-ordem-de-servico-para-obras-de-abastecimento-de-agua-e-autoriza-novos-projetos-em-arataca","status":"publish","type":"post","link":"https:\/\/www.blogdothame.blog.br\/v1\/2022\/03\/01\/rui-da-ordem-de-servico-para-obras-de-abastecimento-de-agua-e-autoriza-novos-projetos-em-arataca\/","title":{"rendered":"Rui d\u00e1 ordem de servi\u00e7o para obras de abastecimento de \u00e1gua e autoriza novos projetos em Arataca"},"content":{"rendered":"<p><a href=\"http:\/\/www.blogdothame.blog.br\/v1\/wp-content\/uploads\/2021\/08\/rui-c.jpg\"><img loading=\"lazy\" class=\"alignright size-medium wp-image-122378\" src=\"http:\/\/www.blogdothame.blog.br\/v1\/wp-content\/uploads\/2021\/08\/rui-c-300x200.jpg\" alt=\"rui c\" width=\"300\" height=\"200\" srcset=\"https:\/\/www.blogdothame.blog.br\/v1\/wp-content\/uploads\/2021\/08\/rui-c-300x200.jpg 300w, https:\/\/www.blogdothame.blog.br\/v1\/wp-content\/uploads\/2021\/08\/rui-c.jpg 750w\" sizes=\"(max-width: 300px) 100vw, 300px\" \/><\/a>Nesta quarta-feira (2), \u00e0s 9h, o governador Rui Costa estar\u00e1 no munic\u00edpio de Arataca, onde vai autorizar uma s\u00e9rie de obras e projetos. Dentre eles, vai assinar ordem de servi\u00e7o para constru\u00e7\u00e3o de sistemas simplificados de abastecimento de \u00e1gua nas localidades de Assentamento Rio Alian\u00e7a e Assentamento Grupo Santo Ant\u00f4nio. O trabalho ser\u00e1 realizado pela Companhia de Engenharia H\u00eddrica e Saneamento da Bahia (Cerb), vinculada \u00e0 Secretaria de Infraestrutura H\u00eddrica e Saneamento do Estado (Sihs).<\/p>\n<p>O governador tamb\u00e9m vai liberar a Secretaria de Educa\u00e7\u00e3o do Estado (SEC) a dar in\u00edcio a processo de licita\u00e7\u00e3o para constru\u00e7\u00e3o de nova unidade escolar que vai abrigar o Col\u00e9gio Estadual Br\u00e1ulio Xavier, com implanta\u00e7\u00e3o de bloco com dez salas, refeit\u00f3rio, audit\u00f3rio, biblioteca, quadra poliesportiva coberta e campo society.<\/p>\n<p>J\u00e1 a Conder, empresa vinculada \u00e0 Secretaria de Desenvolvimento Urbano (Sedur), ser\u00e1 autorizada a firmar conv\u00eanio com a Prefeitura de Arataca para revitaliza\u00e7\u00e3o e urbaniza\u00e7\u00e3o do entorno do Mercado Municipal.<\/p>\n","protected":false},"excerpt":{"rendered":"<p>Nesta quarta-feira (2), \u00e0s 9h, o governador Rui Costa estar\u00e1 no munic\u00edpio de Arataca, onde vai autorizar uma s\u00e9rie de obras e projetos. Dentre eles, vai assinar ordem de servi\u00e7o para constru\u00e7\u00e3o de sistemas simplificados de abastecimento de \u00e1gua nas localidades de Assentamento Rio Alian\u00e7a e Assentamento Grupo Santo Ant\u00f4nio. O trabalho ser\u00e1 realizado pela [&hellip;]<\/p>\n","protected":false},"author":2,"featured_media":0,"comment_status":"open","ping_status":"open","sticky":false,"template":"","format":"standard","meta":{"_links_to":"","_links_to_target":""},"categories":[1],"tags":[28050,7913,928,615],"_links":{"self":[{"href":"https:\/\/www.blogdothame.blog.br\/v1\/wp-json\/wp\/v2\/posts\/131762"}],"collection":[{"href":"https:\/\/www.blogdothame.blog.br\/v1\/wp-json\/wp\/v2\/posts"}],"about":[{"href":"https:\/\/www.blogdothame.blog.br\/v1\/wp-json\/wp\/v2\/types\/post"}],"author":[{"embeddable":true,"href":"https:\/\/www.blogdothame.blog.br\/v1\/wp-json\/wp\/v2\/users\/2"}],"replies":[{"embeddable":true,"href":"https:\/\/www.blogdothame.blog.br\/v1\/wp-json\/wp\/v2\/comments?post=131762"}],"version-history":[{"count":1,"href":"https:\/\/www.blogdothame.blog.br\/v1\/wp-json\/wp\/v2\/posts\/131762\/revisions"}],"predecessor-version":[{"id":131763,"href":"https:\/\/www.blogdothame.blog.br\/v1\/wp-json\/wp\/v2\/posts\/131762\/revisions\/131763"}],"wp:attachment":[{"href":"https:\/\/www.blogdothame.blog.br\/v1\/wp-json\/wp\/v2\/media?parent=131762"}],"wp:term":[{"taxonomy":"category","embeddable":true,"href":"https:\/\/www.blogdothame.blog.br\/v1\/wp-json\/wp\/v2\/categories?post=131762"},{"taxonomy":"post_tag","embeddable":true,"href":"https:\/\/www.blogdothame.blog.br\/v1\/wp-json\/wp\/v2\/tags?post=131762"}],"curies":[{"name":"wp","href":"https:\/\/api.w.org\/{rel}","templated":true}]}}