{"id":130400,"date":"2022-01-27T15:30:02","date_gmt":"2022-01-27T18:30:02","guid":{"rendered":"http:\/\/www.blogdothame.blog.br\/v1\/?p=130400"},"modified":"2022-01-27T15:50:01","modified_gmt":"2022-01-27T18:50:01","slug":"rui-assina-convenio-de-infraestrutura-com-34-municipios-entrega-15-ambulancias-e-anuncia-novos-leitos-para-pacientes-com-covid-19","status":"publish","type":"post","link":"https:\/\/www.blogdothame.blog.br\/v1\/2022\/01\/27\/rui-assina-convenio-de-infraestrutura-com-34-municipios-entrega-15-ambulancias-e-anuncia-novos-leitos-para-pacientes-com-covid-19\/","title":{"rendered":"Rui assina conv\u00eanio de infraestrutura com 34 munic\u00edpios, entrega 15 ambul\u00e2ncias e anuncia novos leitos para pacientes com Covid-19"},"content":{"rendered":"<p style=\"text-align: center;\"><strong>Itabuna ter\u00e1 R$ 77 milh\u00f5es para constru\u00e7\u00e3o e 1.100 moradias<\/strong><img loading=\"lazy\" class=\"aligncenter size-medium wp-image-130415\" src=\"http:\/\/www.blogdothame.blog.br\/v1\/wp-content\/uploads\/2022\/01\/rui-e-augusto-300x197.jpg\" alt=\"rui e augusto\" width=\"300\" height=\"197\" srcset=\"https:\/\/www.blogdothame.blog.br\/v1\/wp-content\/uploads\/2022\/01\/rui-e-augusto-300x197.jpg 300w, https:\/\/www.blogdothame.blog.br\/v1\/wp-content\/uploads\/2022\/01\/rui-e-augusto.jpg 670w\" sizes=\"(max-width: 300px) 100vw, 300px\" \/>Em evento realizado no Centro Administrativo, em Salvador, nesta quinta-feira (27), o governador Rui Costa assinou conv\u00eanio com 34 cidades do interior, que ir\u00e3o receber interven\u00e7\u00f5es urbanas, por meio da Conder, companhia vinculada \u00e0 Secretaria de Desenvolvimento Urbano (Sedur). Para garantir o atendimento \u00e0 popula\u00e7\u00e3o, nesse momento em que o n\u00famero de casos de Covid-19 aumenta no estado, Rui anunciou tamb\u00e9m a cria\u00e7\u00e3o de 230 leitos para tratamento de pacientes com coronav\u00edrus.<\/p>\n<p><a href=\"http:\/\/www.blogdothame.blog.br\/v1\/wp-content\/uploads\/2022\/01\/bulan\u00e7as-1.jpg\"><img loading=\"lazy\" class=\"aligncenter size-medium wp-image-130402\" src=\"http:\/\/www.blogdothame.blog.br\/v1\/wp-content\/uploads\/2022\/01\/bulan\u00e7as-1-300x200.jpg\" alt=\"bulan\u00e7as (1)\" width=\"300\" height=\"200\" srcset=\"https:\/\/www.blogdothame.blog.br\/v1\/wp-content\/uploads\/2022\/01\/bulan\u00e7as-1-300x200.jpg 300w, https:\/\/www.blogdothame.blog.br\/v1\/wp-content\/uploads\/2022\/01\/bulan\u00e7as-1-1024x682.jpg 1024w, https:\/\/www.blogdothame.blog.br\/v1\/wp-content\/uploads\/2022\/01\/bulan\u00e7as-1.jpg 1280w\" sizes=\"(max-width: 300px) 100vw, 300px\" \/><\/a><\/p>\n<p>Bahia Minha Casa<\/p>\n<p>O governador Rui Costa tamb\u00e9m autorizou a Sedur a fazer chamada de audi\u00eancia p\u00fablica para a aquisi\u00e7\u00e3o de im\u00f3veis no munic\u00edpio de Itabuna, dentro do programa habitacional Bahia Minha Casa, que beneficia pessoas que perderam suas casas durante as enchentes de dezembro de 2021. Outros seis munic\u00edpios j\u00e1 haviam sido beneficiados com 485 im\u00f3veis, por meio de conv\u00eanios assinados no dia 17\/01. Nesta quinta-feira (27), Rui ainda celebrou conv\u00eanio com tr\u00eas Cons\u00f3rcios Municipais para aquisi\u00e7\u00e3o de produtos asf\u00e1lticos que ser\u00e3o usados na reconstru\u00e7\u00e3o do que ficou destru\u00eddo no interior do estado.<\/p>\n<p>&#8220;Esse novo modelo de gerir o Estado, que busca capilaridade na articula\u00e7\u00e3o institucional com os munic\u00edpios, \u00e9 fundamental. Com isso, conseguimos trabalhar em parceria, com rapidez e efici\u00eancia. Hoje, firmamos mais conv\u00eanios e entregamos novas ambul\u00e2ncias. Na pr\u00f3xima semana, faremos novas entregas de equipamentos para garantir a continuidade da recupera\u00e7\u00e3o da zona rural e da infraestrutura urbana nas cidades do interior&#8221;, afirmou o governador.<\/p>\n<p><a href=\"http:\/\/www.blogdothame.blog.br\/v1\/wp-content\/uploads\/2022\/01\/bulan\u00e7as-2.jpg\"><img loading=\"lazy\" class=\"aligncenter size-medium wp-image-130401\" src=\"http:\/\/www.blogdothame.blog.br\/v1\/wp-content\/uploads\/2022\/01\/bulan\u00e7as-2-300x200.jpg\" alt=\"bulan\u00e7as (2)\" width=\"300\" height=\"200\" srcset=\"https:\/\/www.blogdothame.blog.br\/v1\/wp-content\/uploads\/2022\/01\/bulan\u00e7as-2-300x200.jpg 300w, https:\/\/www.blogdothame.blog.br\/v1\/wp-content\/uploads\/2022\/01\/bulan\u00e7as-2-1024x683.jpg 1024w, https:\/\/www.blogdothame.blog.br\/v1\/wp-content\/uploads\/2022\/01\/bulan\u00e7as-2.jpg 1296w\" sizes=\"(max-width: 300px) 100vw, 300px\" \/><\/a><\/p>\n<p>De acordo com o secret\u00e1rio estadual de Desenvolvimento Urbano, Eures Ribeiro, &#8220;esses investimentos, de recursos pr\u00f3prios, ser\u00e3o capazes de facilitar a vida dos munic\u00edpios, atrav\u00e9s de v\u00e1rias obras importantes de infraestrutura&#8221;.<\/p>\n<p><!--more--><\/p>\n<p>Sa\u00fade<\/p>\n<p><a href=\"http:\/\/www.blogdothame.blog.br\/v1\/wp-content\/uploads\/2022\/01\/bulancas.jpg\"><img loading=\"lazy\" class=\"alignleft size-medium wp-image-130403\" src=\"http:\/\/www.blogdothame.blog.br\/v1\/wp-content\/uploads\/2022\/01\/bulancas-300x200.jpg\" alt=\"bulancas\" width=\"300\" height=\"200\" srcset=\"https:\/\/www.blogdothame.blog.br\/v1\/wp-content\/uploads\/2022\/01\/bulancas-300x200.jpg 300w, https:\/\/www.blogdothame.blog.br\/v1\/wp-content\/uploads\/2022\/01\/bulancas-1024x682.jpg 1024w, https:\/\/www.blogdothame.blog.br\/v1\/wp-content\/uploads\/2022\/01\/bulancas.jpg 1280w\" sizes=\"(max-width: 300px) 100vw, 300px\" \/><\/a>No Hospital Espanhol, al\u00e9m dos 30 leitos cl\u00ednicos e dos 40 de UTI j\u00e1 em funcionamento, ser\u00e3o abertos, nos pr\u00f3ximos dias, outros 30 (16 de UTI e 14 cl\u00ednicos). Entre as outras unidades que tamb\u00e9m receber\u00e3o leitos est\u00e3o o Hospital Metropolitano (30 cl\u00ednicos); Hospital Costa dos Coqueiros\/Riverside (80 cl\u00ednicos e 10 de UTI) e o Instituto Couto Maia (10 leitos cl\u00ednicos pedi\u00e1tricos). Com os novos investimentos, s\u00f3 em 2022, o total de leitos para tratamento de Covid-19 agregados \u00e0 rede estadual \u00e9 de 66 leitos de UTI e 164 cl\u00ednicos.<\/p>\n<p>Ainda em apoio \u00e0 sa\u00fade e com a\u00e7\u00f5es voltadas para amparar as cidades atingidas pelas enchentes, durante o evento, Rui entregou 15 ambul\u00e2ncias, tipo Van, no valor de R$ 205 mil cada, totalizando um investimento de mais de R$ 3 milh\u00f5es. Os ve\u00edculos v\u00e3o contribuir na transfer\u00eancia e remo\u00e7\u00e3o de pacientes dos munic\u00edpios de Angical, Carinhanha, C\u00f4cos, Ibirapitanga, Jussari, Mascote, Morpar\u00e1, Muqu\u00e9m do S\u00e3o Francisco, Paratinga, Presidente Tancredo Neves, Santana, Serra do Ramalho, Serra Dourada, S\u00edtio do Mato e Wanderley.<\/p>\n<p>Presente no evento, Francisca Ribeiro (Chica), prefeita de Carinhanha, agradeceu a entrega da ambul\u00e2ncia e salientou a import\u00e2ncia do cuidado com o povo baiano. \u201cRui cuida de gente, e a ambul\u00e2ncia nos d\u00e1 condi\u00e7\u00f5es de atender as pessoas vulner\u00e1veis com dignidade\u201d, destacou.<\/p>\n<p>Infraestrutura<\/p>\n<p>Tamb\u00e9m na agenda de hoje, o governador assinou conv\u00eanio no valor de aproximadamente R$ 55 milh\u00f5es para possibilitar a pavimenta\u00e7\u00e3o de ruas e a requalifica\u00e7\u00e3o urban\u00edstica de pra\u00e7as em 34 cidades: Alagoinhas, Amargosa, Anguera, Apor\u00e1, Barra da Estiva, Barra do Cho\u00e7a, Concei\u00e7\u00e3o da Feira, Dom Bas\u00edlio, Ibicu\u00ed, Irajuba, Itap\u00e9, Itapicuru, Itaquara, Jo\u00e3o Dourado, Jussiape, Len\u00e7\u00f3is, Malhada, Manoel Vitorino, Matina, Novo Horizonte, Pirip\u00e1, Po\u00e7\u00f5es, Prado, Presidente Dutra, Presidente Tancredo Neves, Remanso, Ruy Barbosa, Santo Estev\u00e3o, S\u00e3o Jos\u00e9 do Jacu\u00edpe, Sebasti\u00e3o Laranjeiras, Serrol\u00e2ndia, Uba\u00edra, e Ubat\u00e3. J\u00e1 as cidades de Alcoba\u00e7a e Itamaraju tiveram o processo licitat\u00f3rio autorizado para a pavimenta\u00e7\u00e3o em paralelep\u00edpedo.<\/p>\n<p>&nbsp;<\/p>\n","protected":false},"excerpt":{"rendered":"<p>Itabuna ter\u00e1 R$ 77 milh\u00f5es para constru\u00e7\u00e3o e 1.100 moradiasEm evento realizado no Centro Administrativo, em Salvador, nesta quinta-feira (27), o governador Rui Costa assinou conv\u00eanio com 34 cidades do interior, que ir\u00e3o receber interven\u00e7\u00f5es urbanas, por meio da Conder, companhia vinculada \u00e0 Secretaria de Desenvolvimento Urbano (Sedur). Para garantir o atendimento \u00e0 popula\u00e7\u00e3o, nesse [&hellip;]<\/p>\n","protected":false},"author":2,"featured_media":0,"comment_status":"open","ping_status":"open","sticky":false,"template":"","format":"standard","meta":{"_links_to":"","_links_to_target":""},"categories":[1],"tags":[17936,3708,39,615],"_links":{"self":[{"href":"https:\/\/www.blogdothame.blog.br\/v1\/wp-json\/wp\/v2\/posts\/130400"}],"collection":[{"href":"https:\/\/www.blogdothame.blog.br\/v1\/wp-json\/wp\/v2\/posts"}],"about":[{"href":"https:\/\/www.blogdothame.blog.br\/v1\/wp-json\/wp\/v2\/types\/post"}],"author":[{"embeddable":true,"href":"https:\/\/www.blogdothame.blog.br\/v1\/wp-json\/wp\/v2\/users\/2"}],"replies":[{"embeddable":true,"href":"https:\/\/www.blogdothame.blog.br\/v1\/wp-json\/wp\/v2\/comments?post=130400"}],"version-history":[{"count":3,"href":"https:\/\/www.blogdothame.blog.br\/v1\/wp-json\/wp\/v2\/posts\/130400\/revisions"}],"predecessor-version":[{"id":130417,"href":"https:\/\/www.blogdothame.blog.br\/v1\/wp-json\/wp\/v2\/posts\/130400\/revisions\/130417"}],"wp:attachment":[{"href":"https:\/\/www.blogdothame.blog.br\/v1\/wp-json\/wp\/v2\/media?parent=130400"}],"wp:term":[{"taxonomy":"category","embeddable":true,"href":"https:\/\/www.blogdothame.blog.br\/v1\/wp-json\/wp\/v2\/categories?post=130400"},{"taxonomy":"post_tag","embeddable":true,"href":"https:\/\/www.blogdothame.blog.br\/v1\/wp-json\/wp\/v2\/tags?post=130400"}],"curies":[{"name":"wp","href":"https:\/\/api.w.org\/{rel}","templated":true}]}}