{"id":130116,"date":"2022-01-23T11:06:24","date_gmt":"2022-01-23T14:06:24","guid":{"rendered":"http:\/\/www.blogdothame.blog.br\/v1\/?p=130116"},"modified":"2022-01-23T11:06:57","modified_gmt":"2022-01-23T14:06:57","slug":"secretaria-de-promocao-social-destaca-assistencia-a-ex-catadores-do-lixao-e-celebra-inauguracao-da-central-de-triagem","status":"publish","type":"post","link":"https:\/\/www.blogdothame.blog.br\/v1\/2022\/01\/23\/secretaria-de-promocao-social-destaca-assistencia-a-ex-catadores-do-lixao-e-celebra-inauguracao-da-central-de-triagem\/","title":{"rendered":"Secretaria de Promo\u00e7\u00e3o Social destaca assist\u00eancia a ex-catadores do lix\u00e3o e celebra inaugura\u00e7\u00e3o da Central de Triagem"},"content":{"rendered":"<p><a href=\"http:\/\/www.blogdothame.blog.br\/v1\/wp-content\/uploads\/2022\/01\/82291D18-FB75-446F-8636-A73D82873A10.jpeg\"><img loading=\"lazy\" class=\"aligncenter size-medium wp-image-130117\" src=\"http:\/\/www.blogdothame.blog.br\/v1\/wp-content\/uploads\/2022\/01\/82291D18-FB75-446F-8636-A73D82873A10-300x197.jpeg\" alt=\"82291D18-FB75-446F-8636-A73D82873A10\" width=\"300\" height=\"197\" srcset=\"https:\/\/www.blogdothame.blog.br\/v1\/wp-content\/uploads\/2022\/01\/82291D18-FB75-446F-8636-A73D82873A10-300x197.jpeg 300w, https:\/\/www.blogdothame.blog.br\/v1\/wp-content\/uploads\/2022\/01\/82291D18-FB75-446F-8636-A73D82873A10.jpeg 640w\" sizes=\"(max-width: 300px) 100vw, 300px\" \/><\/a><br \/>\nO munic\u00edpio de Itabuna nesta sexta-feira, dia 21, inaugurou a Central de Triagem da Coleta Seletiva e o Programa Reclica Itabuna, a partir de uma a\u00e7\u00e3o ousada e louv\u00e1vel do prefeito Augusto Castro (PSD) que deu um passo \u00e0 frente e acabou com o lix\u00e3o que gerava grandes preju\u00edzos ao munic\u00edpio. O feito foi celebrado pela Secretaria de Promo\u00e7\u00e3o Social e Combate \u00e0 Pobreza (Semps), atrav\u00e9s da titular da pasta, Andrea Castro.<\/p>\n<p>\u201c\u00c9 motivo para celebrar, pois se trata de algo in\u00e9dito em nossa cidade. Essa Central de Triagem e o Programa de reciclagem mostra que a gest\u00e3o segue empenhada no desenvolvimento municipal e preocupada com a dignidade e a qualidade de vida de quem mais precisa, oportunizando melhorias constantes, emprego e renda. Vale destacar que hoje j\u00e1 temos oito ex-catadores com emprego formal e registro em carteira e 161 associados a cooperativa. S\u00e3o fam\u00edlias que agora tem uma melhor qualidade de vida\u201d, lembrou a secret\u00e1ria da Semps, Andrea Castro.<!--more--><\/p>\n<p>A tamb\u00e9m primeira dama do munic\u00edpio destacou ainda, que desde o fim do lix\u00e3o, a Semps vem atuando na assist\u00eancia do grupo com pagamento do aluguel social, entrega de cestas b\u00e1sicas, assist\u00eancia social, acompanhamento psicol\u00f3gico para as fam\u00edlias, e ainda capacita\u00e7\u00e3o e treinamento com o apoio de uma equipe multidisciplinar da Prefeitura. \u201cEssas fam\u00edlias est\u00e3o recebendo todos os benef\u00edcios sociais das quais tem direito, mas o mais importante \u00e9 que tamb\u00e9m foram preparadas para administrarem a cooperativa com autonomia e capacidade para o gerenciamento\u201d, finalizou a secret\u00e1ria Andrea Castro.<\/p>\n","protected":false},"excerpt":{"rendered":"<p>O munic\u00edpio de Itabuna nesta sexta-feira, dia 21, inaugurou a Central de Triagem da Coleta Seletiva e o Programa Reclica Itabuna, a partir de uma a\u00e7\u00e3o ousada e louv\u00e1vel do prefeito Augusto Castro (PSD) que deu um passo \u00e0 frente e acabou com o lix\u00e3o que gerava grandes preju\u00edzos ao munic\u00edpio. O feito foi celebrado [&hellip;]<\/p>\n","protected":false},"author":2,"featured_media":0,"comment_status":"open","ping_status":"open","sticky":false,"template":"","format":"standard","meta":{"_links_to":"","_links_to_target":""},"categories":[1],"tags":[],"_links":{"self":[{"href":"https:\/\/www.blogdothame.blog.br\/v1\/wp-json\/wp\/v2\/posts\/130116"}],"collection":[{"href":"https:\/\/www.blogdothame.blog.br\/v1\/wp-json\/wp\/v2\/posts"}],"about":[{"href":"https:\/\/www.blogdothame.blog.br\/v1\/wp-json\/wp\/v2\/types\/post"}],"author":[{"embeddable":true,"href":"https:\/\/www.blogdothame.blog.br\/v1\/wp-json\/wp\/v2\/users\/2"}],"replies":[{"embeddable":true,"href":"https:\/\/www.blogdothame.blog.br\/v1\/wp-json\/wp\/v2\/comments?post=130116"}],"version-history":[{"count":1,"href":"https:\/\/www.blogdothame.blog.br\/v1\/wp-json\/wp\/v2\/posts\/130116\/revisions"}],"predecessor-version":[{"id":130118,"href":"https:\/\/www.blogdothame.blog.br\/v1\/wp-json\/wp\/v2\/posts\/130116\/revisions\/130118"}],"wp:attachment":[{"href":"https:\/\/www.blogdothame.blog.br\/v1\/wp-json\/wp\/v2\/media?parent=130116"}],"wp:term":[{"taxonomy":"category","embeddable":true,"href":"https:\/\/www.blogdothame.blog.br\/v1\/wp-json\/wp\/v2\/categories?post=130116"},{"taxonomy":"post_tag","embeddable":true,"href":"https:\/\/www.blogdothame.blog.br\/v1\/wp-json\/wp\/v2\/tags?post=130116"}],"curies":[{"name":"wp","href":"https:\/\/api.w.org\/{rel}","templated":true}]}}