{"id":129903,"date":"2022-01-18T19:00:05","date_gmt":"2022-01-18T22:00:05","guid":{"rendered":"http:\/\/www.blogdothame.blog.br\/v1\/?p=129903"},"modified":"2022-01-18T19:08:05","modified_gmt":"2022-01-18T22:08:05","slug":"maria-luiza-heine-e-as-licoes-de-um-virus-assustador","status":"publish","type":"post","link":"https:\/\/www.blogdothame.blog.br\/v1\/2022\/01\/18\/maria-luiza-heine-e-as-licoes-de-um-virus-assustador\/","title":{"rendered":"Maria Luiza Heine e as li\u00e7\u00f5es de um v\u00edrus assustador"},"content":{"rendered":"<p><a href=\"http:\/\/www.blogdothame.blog.br\/v1\/wp-content\/uploads\/2022\/01\/maria-luiza-4.jpg\"><img loading=\"lazy\" class=\"aligncenter size-medium wp-image-129907\" src=\"http:\/\/www.blogdothame.blog.br\/v1\/wp-content\/uploads\/2022\/01\/maria-luiza-4-218x300.jpg\" alt=\"maria luiza (4)\" width=\"218\" height=\"300\" srcset=\"https:\/\/www.blogdothame.blog.br\/v1\/wp-content\/uploads\/2022\/01\/maria-luiza-4-218x300.jpg 218w, https:\/\/www.blogdothame.blog.br\/v1\/wp-content\/uploads\/2022\/01\/maria-luiza-4.jpg 393w\" sizes=\"(max-width: 218px) 100vw, 218px\" \/><\/a><br \/>\nA professora, historiadora e escritora Maria Luiza Heine, imortal da Academia de Letras de Ilh\u00e9us, lan\u00e7ou em parceria com a mestra em Tecnologias Aplicadas \u00e0 Educa\u00e7\u00e3o Suede Mayne Pereira Araujo, o livro \u201cMem\u00f3ria e Hist\u00f3ria: Li\u00e7\u00f5es de um v\u00edrus assustador\u201d.<br \/>\n<a href=\"http:\/\/www.blogdothame.blog.br\/v1\/wp-content\/uploads\/2022\/01\/maria-luiza-3.jpg\"><img loading=\"lazy\" class=\"aligncenter size-medium wp-image-129906\" src=\"http:\/\/www.blogdothame.blog.br\/v1\/wp-content\/uploads\/2022\/01\/maria-luiza-3-300x225.jpg\" alt=\"maria luiza (3)\" width=\"300\" height=\"225\" srcset=\"https:\/\/www.blogdothame.blog.br\/v1\/wp-content\/uploads\/2022\/01\/maria-luiza-3-300x225.jpg 300w, https:\/\/www.blogdothame.blog.br\/v1\/wp-content\/uploads\/2022\/01\/maria-luiza-3-400x300.jpg 400w, https:\/\/www.blogdothame.blog.br\/v1\/wp-content\/uploads\/2022\/01\/maria-luiza-3.jpg 640w\" sizes=\"(max-width: 300px) 100vw, 300px\" \/><\/a><\/p>\n<p>Editado pela Via Litterarum, o livro, lan\u00e7ando no estande da ALI durante o Chocolat Festival, o livro, com uma abordagem filos\u00f3fica e pessoal da pandemia que paralisou o planeta, tem apresenta\u00e7\u00e3o de Efson Lima e pref\u00e1cio de Pawlo Cidade.<br \/>\n<a href=\"http:\/\/www.blogdothame.blog.br\/v1\/wp-content\/uploads\/2022\/01\/maria-luiza-1.jpg\"><img loading=\"lazy\" class=\"aligncenter size-medium wp-image-129904\" src=\"http:\/\/www.blogdothame.blog.br\/v1\/wp-content\/uploads\/2022\/01\/maria-luiza-1-300x225.jpg\" alt=\"maria luiza (1)\" width=\"300\" height=\"225\" srcset=\"https:\/\/www.blogdothame.blog.br\/v1\/wp-content\/uploads\/2022\/01\/maria-luiza-1-300x225.jpg 300w, https:\/\/www.blogdothame.blog.br\/v1\/wp-content\/uploads\/2022\/01\/maria-luiza-1-400x300.jpg 400w, https:\/\/www.blogdothame.blog.br\/v1\/wp-content\/uploads\/2022\/01\/maria-luiza-1.jpg 640w\" sizes=\"(max-width: 300px) 100vw, 300px\" \/><\/a><\/p>\n<p>Maria Luiza Heine falou sobre a obra em entrevista ao jornalista Daniel Thame, no estande da TV Cacau.<\/p>\n<p>Confira a entrevista:<\/p>\n<p><iframe loading=\"lazy\" title=\"YouTube video player\" src=\"https:\/\/www.youtube.com\/embed\/WGO69Wu8Rtg\" width=\"560\" height=\"315\" frameborder=\"0\" allowfullscreen=\"allowfullscreen\"><\/iframe><\/p>\n<p><a href=\"http:\/\/www.blogdothame.blog.br\/v1\/wp-content\/uploads\/2022\/01\/maria-luiza-2.jpg\"><img loading=\"lazy\" class=\"aligncenter size-medium wp-image-129905\" src=\"http:\/\/www.blogdothame.blog.br\/v1\/wp-content\/uploads\/2022\/01\/maria-luiza-2-300x225.jpg\" alt=\"maria luiza (2)\" width=\"300\" height=\"225\" srcset=\"https:\/\/www.blogdothame.blog.br\/v1\/wp-content\/uploads\/2022\/01\/maria-luiza-2-300x225.jpg 300w, https:\/\/www.blogdothame.blog.br\/v1\/wp-content\/uploads\/2022\/01\/maria-luiza-2-400x300.jpg 400w, https:\/\/www.blogdothame.blog.br\/v1\/wp-content\/uploads\/2022\/01\/maria-luiza-2.jpg 640w\" sizes=\"(max-width: 300px) 100vw, 300px\" \/><\/a><\/p>\n","protected":false},"excerpt":{"rendered":"<p>A professora, historiadora e escritora Maria Luiza Heine, imortal da Academia de Letras de Ilh\u00e9us, lan\u00e7ou em parceria com a mestra em Tecnologias Aplicadas \u00e0 Educa\u00e7\u00e3o Suede Mayne Pereira Araujo, o livro \u201cMem\u00f3ria e Hist\u00f3ria: Li\u00e7\u00f5es de um v\u00edrus assustador\u201d. Editado pela Via Litterarum, o livro, lan\u00e7ando no estande da ALI durante o Chocolat Festival, [&hellip;]<\/p>\n","protected":false},"author":2,"featured_media":0,"comment_status":"open","ping_status":"open","sticky":false,"template":"","format":"standard","meta":{"_links_to":"","_links_to_target":""},"categories":[1],"tags":[2262,24078,30777,30779],"_links":{"self":[{"href":"https:\/\/www.blogdothame.blog.br\/v1\/wp-json\/wp\/v2\/posts\/129903"}],"collection":[{"href":"https:\/\/www.blogdothame.blog.br\/v1\/wp-json\/wp\/v2\/posts"}],"about":[{"href":"https:\/\/www.blogdothame.blog.br\/v1\/wp-json\/wp\/v2\/types\/post"}],"author":[{"embeddable":true,"href":"https:\/\/www.blogdothame.blog.br\/v1\/wp-json\/wp\/v2\/users\/2"}],"replies":[{"embeddable":true,"href":"https:\/\/www.blogdothame.blog.br\/v1\/wp-json\/wp\/v2\/comments?post=129903"}],"version-history":[{"count":3,"href":"https:\/\/www.blogdothame.blog.br\/v1\/wp-json\/wp\/v2\/posts\/129903\/revisions"}],"predecessor-version":[{"id":129952,"href":"https:\/\/www.blogdothame.blog.br\/v1\/wp-json\/wp\/v2\/posts\/129903\/revisions\/129952"}],"wp:attachment":[{"href":"https:\/\/www.blogdothame.blog.br\/v1\/wp-json\/wp\/v2\/media?parent=129903"}],"wp:term":[{"taxonomy":"category","embeddable":true,"href":"https:\/\/www.blogdothame.blog.br\/v1\/wp-json\/wp\/v2\/categories?post=129903"},{"taxonomy":"post_tag","embeddable":true,"href":"https:\/\/www.blogdothame.blog.br\/v1\/wp-json\/wp\/v2\/tags?post=129903"}],"curies":[{"name":"wp","href":"https:\/\/api.w.org\/{rel}","templated":true}]}}